{"id":100,"date":"2007-09-01T13:49:29","date_gmt":"2007-09-01T18:49:29","guid":{"rendered":"http:\/\/migranitodesal.com\/?p=100"},"modified":"2024-02-12T17:00:50","modified_gmt":"2024-02-12T16:00:50","slug":"petalos-de-tomate-de-martin-berasategui","status":"publish","type":"post","link":"https:\/\/migranitodesal.com\/?p=100","title":{"rendered":"P\u00e9talos de tomate de Martin Berasategui"},"content":{"rendered":"\n<p>Esta receta la hice el a\u00f1o pasado ,la puso en un foro Canela Molida, pero la receta es de Martin Berasategui.<\/p>\n\n\n\n<p>Como es tiempo de tomates ,os la recomiendo para tener vuestros botes para el invierno.<\/p>\n\n\n\n<p>Ingredientes:<\/p>\n\n\n\n<p>8 tomates medianos y maduros<br>1 rama de tomillo<br>media hoja de laurel<br>4 cds aceite extra virgen de oliva<br>8 dientes de ajo<br>1 cdta de caf\u00e9 de az\u00facar<br>pimienta blanca molida<br>flor de sal<\/p>\n\n\n\n<p>Elaboraci\u00f3n:<\/p>\n\n\n\n<p>Hacer un corte en cruz de unos dos o tres cm, que solo afecte a la piel, en el culo del tomate, para este menester va divino una cuchilla de afeitar<\/p>\n\n\n\n<p>En un olla con agua hirviendo escaldar los tomates unos segundos y r\u00e1pidamente refrescarlos en un cuenco con agua y hielo, pelarlos.<\/p>\n\n\n\n<p>Cortarlos en 4 gajos y retirar las pepitas y el agua de vegetaci\u00f3n.<\/p>\n\n\n\n<p>Ali\u00f1ar en un cuenco los p\u00e9talos con el resto de los ingredientes.<\/p>\n\n\n\n<p>Colocarlos separaditos con la parte plana hacia abajo en una bandeja de horno cubierta con papel sulfurizado o silpat, repartir entre ellos los ajos, el tomillo y el laurel.<\/p>\n\n\n\n<p>Mantener a horno precalentado a 80\u00ba durante 3 \u00f3 4 horas seg\u00fan tama\u00f1o<\/p>\n\n\n\n<p>Yo hice m\u00e1s cantidad de los que pone en la receta ,habia 2 kilos y 1\/4 e hice 2 bandejas.<\/p>\n\n\n\n<p>Antes de meter al horno.<\/p>\n\n\n\n<figure class=\"wp-block-image size-full\"><a href=\"https:\/\/migranitodesal.com\/wp-content\/uploads\/2007\/09\/petalos_tomate1.jpg\"><img loading=\"lazy\" decoding=\"async\" width=\"500\" height=\"375\" src=\"https:\/\/migranitodesal.com\/wp-content\/uploads\/2007\/09\/petalos_tomate1.jpg\" alt=\"\" class=\"wp-image-101\"\/><\/a><\/figure>\n\n\n\n<p>Guardar en los botes tapados con aceite.<\/p>\n\n\n\n<p>Espero que os gusten.<\/p>\n","protected":false},"excerpt":{"rendered":"<p>Esta receta la hice el a\u00f1o pasado ,la puso en un foro Canela Molida, pero la receta es de Martin Berasategui. Como es tiempo de tomates ,os la recomiendo para tener vuestros botes para el invierno. Ingredientes: 8 tomates medianos y maduros1 rama de tomillomedia hoja de laurel4 cds aceite extra virgen de oliva8 dientes de ajo1 cdta de caf\u00e9 de az\u00facarpimienta blanca molidaflor de sal Elaboraci\u00f3n: Hacer un corte en cruz de unos dos o tres cm, que solo afecte a la piel, en el culo del tomate, para este menester va divino una cuchilla de afeitar En un olla con agua hirviendo escaldar los tomates unos segundos y r\u00e1pidamente refrescarlos en un cuenco con agua y hielo, pelarlos. Cortarlos en 4 gajos y retirar las pepitas y el agua de vegetaci\u00f3n. Ali\u00f1ar en un cuenco los p\u00e9talos con el resto de los ingredientes. Colocarlos separaditos con la parte plana hacia abajo en una bandeja de horno cubierta con papel sulfurizado o silpat, repartir entre ellos los ajos, el tomillo y el laurel. Mantener a horno precalentado a 80\u00ba durante 3 \u00f3 4 horas seg\u00fan tama\u00f1o Yo hice m\u00e1s cantidad de los que pone en la receta ,habia 2 kilos y 1\/4 e hice 2 bandejas. Antes de meter al horno. Guardar en los botes tapados con aceite. Espero que os gusten.<\/p>\n","protected":false},"author":1,"featured_media":102,"comment_status":"open","ping_status":"open","sticky":false,"template":"","format":"standard","meta":{"footnotes":""},"categories":[13],"tags":[],"acf":[],"yoast_head":"<!-- This site is optimized with the Yoast SEO plugin v22.6 - https:\/\/yoast.com\/wordpress\/plugins\/seo\/ -->\n<title>P\u00e9talos de tomate de Martin Berasategui - Mi granito de sal.<\/title>\n<meta name=\"robots\" content=\"index, follow, max-snippet:-1, max-image-preview:large, max-video-preview:-1\" \/>\n<link rel=\"canonical\" href=\"https:\/\/migranitodesal.com\/?p=100\" \/>\n<meta property=\"og:locale\" content=\"es_ES\" \/>\n<meta property=\"og:type\" content=\"article\" \/>\n<meta property=\"og:title\" content=\"P\u00e9talos de tomate de Martin Berasategui - Mi granito de sal.\" \/>\n<meta property=\"og:description\" content=\"Esta receta la hice el a\u00f1o pasado ,la puso en un foro Canela Molida, pero la receta es de Martin Berasategui. Como es tiempo de tomates ,os la recomiendo para tener vuestros botes para el invierno. Ingredientes: 8 tomates medianos y maduros1 rama de tomillomedia hoja de laurel4 cds aceite extra virgen de oliva8 dientes de ajo1 cdta de caf\u00e9 de az\u00facarpimienta blanca molidaflor de sal Elaboraci\u00f3n: Hacer un corte en cruz de unos dos o tres cm, que solo afecte a la piel, en el culo del tomate, para este menester va divino una cuchilla de afeitar En un olla con agua hirviendo escaldar los tomates unos segundos y r\u00e1pidamente refrescarlos en un cuenco con agua y hielo, pelarlos. Cortarlos en 4 gajos y retirar las pepitas y el agua de vegetaci\u00f3n. Ali\u00f1ar en un cuenco los p\u00e9talos con el resto de los ingredientes. Colocarlos separaditos con la parte plana hacia abajo en una bandeja de horno cubierta con papel sulfurizado o silpat, repartir entre ellos los ajos, el tomillo y el laurel. Mantener a horno precalentado a 80\u00ba durante 3 \u00f3 4 horas seg\u00fan tama\u00f1o Yo hice m\u00e1s cantidad de los que pone en la receta ,habia 2 kilos y 1\/4 e hice 2 bandejas. Antes de meter al horno. Guardar en los botes tapados con aceite. Espero que os gusten.\" \/>\n<meta property=\"og:url\" content=\"https:\/\/migranitodesal.com\/?p=100\" \/>\n<meta property=\"og:site_name\" content=\"Mi granito de sal.\" \/>\n<meta property=\"article:published_time\" content=\"2007-09-01T18:49:29+00:00\" \/>\n<meta property=\"article:modified_time\" content=\"2024-02-12T16:00:50+00:00\" \/>\n<meta property=\"og:image\" content=\"https:\/\/migranitodesal.com\/wp-content\/uploads\/2007\/09\/petalos_tomate_botes.jpg\" \/>\n\t<meta property=\"og:image:width\" content=\"500\" \/>\n\t<meta property=\"og:image:height\" content=\"375\" \/>\n\t<meta property=\"og:image:type\" content=\"image\/jpeg\" \/>\n<meta name=\"author\" content=\"maripepa\" \/>\n<meta name=\"twitter:card\" content=\"summary_large_image\" \/>\n<meta name=\"twitter:label1\" content=\"Escrito por\" \/>\n\t<meta name=\"twitter:data1\" content=\"maripepa\" \/>\n\t<meta name=\"twitter:label2\" content=\"Tiempo de lectura\" \/>\n\t<meta name=\"twitter:data2\" content=\"1 minuto\" \/>\n<script type=\"application\/ld+json\" class=\"yoast-schema-graph\">{\"@context\":\"https:\/\/schema.org\",\"@graph\":[{\"@type\":\"Article\",\"@id\":\"https:\/\/migranitodesal.com\/?p=100#article\",\"isPartOf\":{\"@id\":\"https:\/\/migranitodesal.com\/?p=100\"},\"author\":{\"name\":\"maripepa\",\"@id\":\"https:\/\/migranitodesal.com\/#\/schema\/person\/2674140d5dd1b720f9b1e6d01e66dd12\"},\"headline\":\"P\u00e9talos de tomate de Martin Berasategui\",\"datePublished\":\"2007-09-01T18:49:29+00:00\",\"dateModified\":\"2024-02-12T16:00:50+00:00\",\"mainEntityOfPage\":{\"@id\":\"https:\/\/migranitodesal.com\/?p=100\"},\"wordCount\":231,\"commentCount\":15,\"publisher\":{\"@id\":\"https:\/\/migranitodesal.com\/#\/schema\/person\/2674140d5dd1b720f9b1e6d01e66dd12\"},\"image\":{\"@id\":\"https:\/\/migranitodesal.com\/?p=100#primaryimage\"},\"thumbnailUrl\":\"https:\/\/migranitodesal.com\/wp-content\/uploads\/2007\/09\/petalos_tomate_botes.jpg\",\"articleSection\":[\"Conservas\"],\"inLanguage\":\"es\",\"potentialAction\":[{\"@type\":\"CommentAction\",\"name\":\"Comment\",\"target\":[\"https:\/\/migranitodesal.com\/?p=100#respond\"]}]},{\"@type\":\"WebPage\",\"@id\":\"https:\/\/migranitodesal.com\/?p=100\",\"url\":\"https:\/\/migranitodesal.com\/?p=100\",\"name\":\"P\u00e9talos de tomate de Martin Berasategui - Mi granito de sal.\",\"isPartOf\":{\"@id\":\"https:\/\/migranitodesal.com\/#website\"},\"primaryImageOfPage\":{\"@id\":\"https:\/\/migranitodesal.com\/?p=100#primaryimage\"},\"image\":{\"@id\":\"https:\/\/migranitodesal.com\/?p=100#primaryimage\"},\"thumbnailUrl\":\"https:\/\/migranitodesal.com\/wp-content\/uploads\/2007\/09\/petalos_tomate_botes.jpg\",\"datePublished\":\"2007-09-01T18:49:29+00:00\",\"dateModified\":\"2024-02-12T16:00:50+00:00\",\"breadcrumb\":{\"@id\":\"https:\/\/migranitodesal.com\/?p=100#breadcrumb\"},\"inLanguage\":\"es\",\"potentialAction\":[{\"@type\":\"ReadAction\",\"target\":[\"https:\/\/migranitodesal.com\/?p=100\"]}]},{\"@type\":\"ImageObject\",\"inLanguage\":\"es\",\"@id\":\"https:\/\/migranitodesal.com\/?p=100#primaryimage\",\"url\":\"https:\/\/migranitodesal.com\/wp-content\/uploads\/2007\/09\/petalos_tomate_botes.jpg\",\"contentUrl\":\"https:\/\/migranitodesal.com\/wp-content\/uploads\/2007\/09\/petalos_tomate_botes.jpg\",\"width\":500,\"height\":375},{\"@type\":\"BreadcrumbList\",\"@id\":\"https:\/\/migranitodesal.com\/?p=100#breadcrumb\",\"itemListElement\":[{\"@type\":\"ListItem\",\"position\":1,\"name\":\"Portada\",\"item\":\"https:\/\/migranitodesal.com\/\"},{\"@type\":\"ListItem\",\"position\":2,\"name\":\"P\u00e9talos de tomate de Martin Berasategui\"}]},{\"@type\":\"WebSite\",\"@id\":\"https:\/\/migranitodesal.com\/#website\",\"url\":\"https:\/\/migranitodesal.com\/\",\"name\":\"Mi granito de sal.\",\"description\":\"Aqu\u00ed est\u00e1 lo que a lo largo del tiempo he ido aprendiendo\",\"publisher\":{\"@id\":\"https:\/\/migranitodesal.com\/#\/schema\/person\/2674140d5dd1b720f9b1e6d01e66dd12\"},\"potentialAction\":[{\"@type\":\"SearchAction\",\"target\":{\"@type\":\"EntryPoint\",\"urlTemplate\":\"https:\/\/migranitodesal.com\/?s={search_term_string}\"},\"query-input\":\"required name=search_term_string\"}],\"inLanguage\":\"es\"},{\"@type\":[\"Person\",\"Organization\"],\"@id\":\"https:\/\/migranitodesal.com\/#\/schema\/person\/2674140d5dd1b720f9b1e6d01e66dd12\",\"name\":\"maripepa\",\"image\":{\"@type\":\"ImageObject\",\"inLanguage\":\"es\",\"@id\":\"https:\/\/migranitodesal.com\/#\/schema\/person\/image\/\",\"url\":\"https:\/\/secure.gravatar.com\/avatar\/2a325d07cd3c812fab8706d3b75aa541?s=96&d=mm&r=g\",\"contentUrl\":\"https:\/\/secure.gravatar.com\/avatar\/2a325d07cd3c812fab8706d3b75aa541?s=96&d=mm&r=g\",\"caption\":\"maripepa\"},\"logo\":{\"@id\":\"https:\/\/migranitodesal.com\/#\/schema\/person\/image\/\"},\"sameAs\":[\"http:\/\/www.migranitodesal.com\"],\"url\":\"https:\/\/migranitodesal.com\/?author=1\"}]}<\/script>\n<!-- \/ Yoast SEO plugin. -->","yoast_head_json":{"title":"P\u00e9talos de tomate de Martin Berasategui - Mi granito de sal.","robots":{"index":"index","follow":"follow","max-snippet":"max-snippet:-1","max-image-preview":"max-image-preview:large","max-video-preview":"max-video-preview:-1"},"canonical":"https:\/\/migranitodesal.com\/?p=100","og_locale":"es_ES","og_type":"article","og_title":"P\u00e9talos de tomate de Martin Berasategui - Mi granito de sal.","og_description":"Esta receta la hice el a\u00f1o pasado ,la puso en un foro Canela Molida, pero la receta es de Martin Berasategui. Como es tiempo de tomates ,os la recomiendo para tener vuestros botes para el invierno. Ingredientes: 8 tomates medianos y maduros1 rama de tomillomedia hoja de laurel4 cds aceite extra virgen de oliva8 dientes de ajo1 cdta de caf\u00e9 de az\u00facarpimienta blanca molidaflor de sal Elaboraci\u00f3n: Hacer un corte en cruz de unos dos o tres cm, que solo afecte a la piel, en el culo del tomate, para este menester va divino una cuchilla de afeitar En un olla con agua hirviendo escaldar los tomates unos segundos y r\u00e1pidamente refrescarlos en un cuenco con agua y hielo, pelarlos. Cortarlos en 4 gajos y retirar las pepitas y el agua de vegetaci\u00f3n. Ali\u00f1ar en un cuenco los p\u00e9talos con el resto de los ingredientes. Colocarlos separaditos con la parte plana hacia abajo en una bandeja de horno cubierta con papel sulfurizado o silpat, repartir entre ellos los ajos, el tomillo y el laurel. Mantener a horno precalentado a 80\u00ba durante 3 \u00f3 4 horas seg\u00fan tama\u00f1o Yo hice m\u00e1s cantidad de los que pone en la receta ,habia 2 kilos y 1\/4 e hice 2 bandejas. Antes de meter al horno. Guardar en los botes tapados con aceite. Espero que os gusten.","og_url":"https:\/\/migranitodesal.com\/?p=100","og_site_name":"Mi granito de sal.","article_published_time":"2007-09-01T18:49:29+00:00","article_modified_time":"2024-02-12T16:00:50+00:00","og_image":[{"width":500,"height":375,"url":"https:\/\/migranitodesal.com\/wp-content\/uploads\/2007\/09\/petalos_tomate_botes.jpg","type":"image\/jpeg"}],"author":"maripepa","twitter_card":"summary_large_image","twitter_misc":{"Escrito por":"maripepa","Tiempo de lectura":"1 minuto"},"schema":{"@context":"https:\/\/schema.org","@graph":[{"@type":"Article","@id":"https:\/\/migranitodesal.com\/?p=100#article","isPartOf":{"@id":"https:\/\/migranitodesal.com\/?p=100"},"author":{"name":"maripepa","@id":"https:\/\/migranitodesal.com\/#\/schema\/person\/2674140d5dd1b720f9b1e6d01e66dd12"},"headline":"P\u00e9talos de tomate de Martin Berasategui","datePublished":"2007-09-01T18:49:29+00:00","dateModified":"2024-02-12T16:00:50+00:00","mainEntityOfPage":{"@id":"https:\/\/migranitodesal.com\/?p=100"},"wordCount":231,"commentCount":15,"publisher":{"@id":"https:\/\/migranitodesal.com\/#\/schema\/person\/2674140d5dd1b720f9b1e6d01e66dd12"},"image":{"@id":"https:\/\/migranitodesal.com\/?p=100#primaryimage"},"thumbnailUrl":"https:\/\/migranitodesal.com\/wp-content\/uploads\/2007\/09\/petalos_tomate_botes.jpg","articleSection":["Conservas"],"inLanguage":"es","potentialAction":[{"@type":"CommentAction","name":"Comment","target":["https:\/\/migranitodesal.com\/?p=100#respond"]}]},{"@type":"WebPage","@id":"https:\/\/migranitodesal.com\/?p=100","url":"https:\/\/migranitodesal.com\/?p=100","name":"P\u00e9talos de tomate de Martin Berasategui - Mi granito de sal.","isPartOf":{"@id":"https:\/\/migranitodesal.com\/#website"},"primaryImageOfPage":{"@id":"https:\/\/migranitodesal.com\/?p=100#primaryimage"},"image":{"@id":"https:\/\/migranitodesal.com\/?p=100#primaryimage"},"thumbnailUrl":"https:\/\/migranitodesal.com\/wp-content\/uploads\/2007\/09\/petalos_tomate_botes.jpg","datePublished":"2007-09-01T18:49:29+00:00","dateModified":"2024-02-12T16:00:50+00:00","breadcrumb":{"@id":"https:\/\/migranitodesal.com\/?p=100#breadcrumb"},"inLanguage":"es","potentialAction":[{"@type":"ReadAction","target":["https:\/\/migranitodesal.com\/?p=100"]}]},{"@type":"ImageObject","inLanguage":"es","@id":"https:\/\/migranitodesal.com\/?p=100#primaryimage","url":"https:\/\/migranitodesal.com\/wp-content\/uploads\/2007\/09\/petalos_tomate_botes.jpg","contentUrl":"https:\/\/migranitodesal.com\/wp-content\/uploads\/2007\/09\/petalos_tomate_botes.jpg","width":500,"height":375},{"@type":"BreadcrumbList","@id":"https:\/\/migranitodesal.com\/?p=100#breadcrumb","itemListElement":[{"@type":"ListItem","position":1,"name":"Portada","item":"https:\/\/migranitodesal.com\/"},{"@type":"ListItem","position":2,"name":"P\u00e9talos de tomate de Martin Berasategui"}]},{"@type":"WebSite","@id":"https:\/\/migranitodesal.com\/#website","url":"https:\/\/migranitodesal.com\/","name":"Mi granito de sal.","description":"Aqu\u00ed est\u00e1 lo que a lo largo del tiempo he ido aprendiendo","publisher":{"@id":"https:\/\/migranitodesal.com\/#\/schema\/person\/2674140d5dd1b720f9b1e6d01e66dd12"},"potentialAction":[{"@type":"SearchAction","target":{"@type":"EntryPoint","urlTemplate":"https:\/\/migranitodesal.com\/?s={search_term_string}"},"query-input":"required name=search_term_string"}],"inLanguage":"es"},{"@type":["Person","Organization"],"@id":"https:\/\/migranitodesal.com\/#\/schema\/person\/2674140d5dd1b720f9b1e6d01e66dd12","name":"maripepa","image":{"@type":"ImageObject","inLanguage":"es","@id":"https:\/\/migranitodesal.com\/#\/schema\/person\/image\/","url":"https:\/\/secure.gravatar.com\/avatar\/2a325d07cd3c812fab8706d3b75aa541?s=96&d=mm&r=g","contentUrl":"https:\/\/secure.gravatar.com\/avatar\/2a325d07cd3c812fab8706d3b75aa541?s=96&d=mm&r=g","caption":"maripepa"},"logo":{"@id":"https:\/\/migranitodesal.com\/#\/schema\/person\/image\/"},"sameAs":["http:\/\/www.migranitodesal.com"],"url":"https:\/\/migranitodesal.com\/?author=1"}]}},"_links":{"self":[{"href":"https:\/\/migranitodesal.com\/index.php?rest_route=\/wp\/v2\/posts\/100"}],"collection":[{"href":"https:\/\/migranitodesal.com\/index.php?rest_route=\/wp\/v2\/posts"}],"about":[{"href":"https:\/\/migranitodesal.com\/index.php?rest_route=\/wp\/v2\/types\/post"}],"author":[{"embeddable":true,"href":"https:\/\/migranitodesal.com\/index.php?rest_route=\/wp\/v2\/users\/1"}],"replies":[{"embeddable":true,"href":"https:\/\/migranitodesal.com\/index.php?rest_route=%2Fwp%2Fv2%2Fcomments&post=100"}],"version-history":[{"count":3,"href":"https:\/\/migranitodesal.com\/index.php?rest_route=\/wp\/v2\/posts\/100\/revisions"}],"predecessor-version":[{"id":2374,"href":"https:\/\/migranitodesal.com\/index.php?rest_route=\/wp\/v2\/posts\/100\/revisions\/2374"}],"wp:featuredmedia":[{"embeddable":true,"href":"https:\/\/migranitodesal.com\/index.php?rest_route=\/wp\/v2\/media\/102"}],"wp:attachment":[{"href":"https:\/\/migranitodesal.com\/index.php?rest_route=%2Fwp%2Fv2%2Fmedia&parent=100"}],"wp:term":[{"taxonomy":"category","embeddable":true,"href":"https:\/\/migranitodesal.com\/index.php?rest_route=%2Fwp%2Fv2%2Fcategories&post=100"},{"taxonomy":"post_tag","embeddable":true,"href":"https:\/\/migranitodesal.com\/index.php?rest_route=%2Fwp%2Fv2%2Ftags&post=100"}],"curies":[{"name":"wp","href":"https:\/\/api.w.org\/{rel}","templated":true}]}}