{"id":292,"date":"2008-01-16T13:15:48","date_gmt":"2008-01-16T18:15:48","guid":{"rendered":"http:\/\/migranitodesal.com\/?p=292"},"modified":"2024-02-12T10:31:06","modified_gmt":"2024-02-12T09:31:06","slug":"pan-de-molde","status":"publish","type":"post","link":"https:\/\/migranitodesal.com\/?p=292","title":{"rendered":"Pan de molde"},"content":{"rendered":"\n<p>Este pan es una mezcla de las recetas de Auro y Mafalda, no es que quisiese modificar el de ellas, es porque o me faltaba una cosa o me faltaba otra y entre las dos saqu\u00e9 mi variaci\u00f3n y puedo recomendarlo porque sali\u00f3 muy bueno.<\/p>\n\n\n\n<p><u>Ingredientes masa de arranque<\/u>:<\/p>\n\n\n\n<p>100 grs de harina de fuerza<br>100 grs de harina normal<br>200 grs de agua tibia ( no caliente)<br>2 sobres de levadura seca de panader\u00eda ( de 7grs)<\/p>\n\n\n\n<p><u>Elaboraci\u00f3n masa de arranque<\/u><\/p>\n\n\n\n<p>En un bol grandecito y con la ayuda de una cuchara de madera, mezclar bien las harinas del arranque primero con la levadura y luego con el agua, hasta que se forme una pasta espesita. Tapar con film y dejar reposar hasta que doble el volumen (mas o menos media hora, pero depende de la temperatura ambiente).<\/p>\n\n\n\n<p><u>Para la masa :<\/u><\/p>\n\n\n\n<p><u><br><\/u>230 grs de harina de fuerza<br>230 grs de harina normal<br>125 grs agua<br>75 grs de nata<br>40 grs de aceite<br>10 grs de mantequilla<br>15 grs de az\u00facar<br>10 grs de miel<br>10 grs de sal<br>1 cucharada de lecitina de soja<\/p>\n\n\n\n<p><u>Elaboraci\u00f3n pan:<\/u><\/p>\n\n\n\n<p>Vierta en el vaso de la thermomix el agua, la nata, la lecitina, la mantequilla, el aceite,&nbsp; el az\u00facar y la miel programe 1.30 min. 37\u00ba, Vel.2 <br>Vierta la harina y amase a Vel. espiga 2 minutos, a\u00f1ada la masa de arranque y amase a Vel. Espiga 5 minutos m\u00e1s, durante este tiempo agregue la sal por el bocal, cuando acabe, saque la masa y haga cuatro bolas iguales, extienda con el rodillo y haga una tira, enr\u00f3llela sobre si misma, col\u00f3quela en un extremo del molde (que ya tendremos engrasado con aceite,&nbsp; la tapa tambi\u00e9n) proceda de igual forma con las otras tres.<\/p>\n\n\n\n<p>D\u00e9jelo levar, hasta que duplique el volumen (entre 1 y 2 horas depende de si el tiempo es caluroso o fr\u00edo, a mi me a tardado solo unos 45 minutos, tenia la calefacci\u00f3n en marcha)<\/p>\n\n\n\n<figure class=\"wp-block-image\"><a href=\"https:\/\/migranitodesal.com\/wp-content\/uploads\/2008\/01\/fermentada.jpg\"><img decoding=\"async\" src=\"https:\/\/migranitodesal.com\/wp-content\/uploads\/2008\/01\/fermentada_thumb.jpg\" alt=\"fermentada\"\/><\/a><\/figure>\n\n\n\n<p>Hornee&nbsp; 35 minutos aproximadamente, como el molde era nuevo no me cog\u00eda color,&nbsp; tuve que sacarlo y dorarlo sin molde,&nbsp; si quiere la corteza blanda, enr\u00f3llelo en un pa\u00f1o y m\u00e9talo en una bolsa cuando lo saque del molde y deje que se enfri\u00e9 antes de cortarlo.<\/p>\n\n\n\n<figure class=\"wp-block-image\"><a href=\"https:\/\/migranitodesal.com\/wp-content\/uploads\/2008\/01\/ya%20cocido.jpg\"><img decoding=\"async\" src=\"https:\/\/migranitodesal.com\/wp-content\/uploads\/2008\/01\/ya%20cocido_thumb.jpg\" alt=\"ya cocido\"\/><\/a><\/figure>\n\n\n\n<p>Sugerencia: Para conservarlo se pueden meter las rebanadas&nbsp; en bolsitas y congelarlas<\/p>\n","protected":false},"excerpt":{"rendered":"<p>Este pan es una mezcla de las recetas de Auro y Mafalda, no es que quisiese modificar el de ellas, es porque o me faltaba una cosa o me faltaba otra y entre las dos saqu\u00e9 mi variaci\u00f3n y puedo recomendarlo porque sali\u00f3 muy bueno. Ingredientes masa de arranque: 100 grs de harina de fuerza100 grs de harina normal200 grs de agua tibia ( no caliente)2 sobres de levadura seca de panader\u00eda ( de 7grs) Elaboraci\u00f3n masa de arranque En un bol grandecito y con la ayuda de una cuchara de madera, mezclar bien las harinas del arranque primero con la levadura y luego con el agua, hasta que se forme una pasta espesita. Tapar con film y dejar reposar hasta que doble el volumen (mas o menos media hora, pero depende de la temperatura ambiente). Para la masa : 230 grs de harina de fuerza230 grs de harina normal125 grs agua75 grs de nata40 grs de aceite10 grs de mantequilla15 grs de az\u00facar10 grs de miel10 grs de sal1 cucharada de lecitina de soja Elaboraci\u00f3n pan: Vierta en el vaso de la thermomix el agua, la nata, la lecitina, la mantequilla, el aceite,&nbsp; el az\u00facar y la miel programe 1.30 min. 37\u00ba, Vel.2 Vierta la harina y amase a Vel. espiga 2 minutos, a\u00f1ada la masa de arranque y amase a Vel. Espiga 5 minutos m\u00e1s, durante este tiempo agregue la sal por el bocal, cuando acabe, saque la masa y haga cuatro bolas iguales, extienda con el rodillo y haga una tira, enr\u00f3llela sobre si misma, col\u00f3quela en un extremo del molde (que ya tendremos engrasado con aceite,&nbsp; la tapa tambi\u00e9n) proceda de igual forma con las otras tres. D\u00e9jelo levar, hasta que duplique el volumen (entre 1 y 2 horas depende de si el tiempo es caluroso o fr\u00edo, a mi me a tardado solo unos 45 minutos, tenia la calefacci\u00f3n en marcha) Hornee&nbsp; 35 minutos aproximadamente, como el molde era nuevo no me cog\u00eda color,&nbsp; tuve que sacarlo y dorarlo sin molde,&nbsp; si quiere la corteza blanda, enr\u00f3llelo en un pa\u00f1o y m\u00e9talo en una bolsa cuando lo saque del molde y deje que se enfri\u00e9 antes de cortarlo. Sugerencia: Para conservarlo se pueden meter las rebanadas&nbsp; en bolsitas y congelarlas<\/p>\n","protected":false},"author":1,"featured_media":2139,"comment_status":"open","ping_status":"open","sticky":false,"template":"","format":"standard","meta":{"footnotes":""},"categories":[17],"tags":[],"acf":[],"yoast_head":"<!-- This site is optimized with the Yoast SEO plugin v22.6 - https:\/\/yoast.com\/wordpress\/plugins\/seo\/ -->\n<title>Pan de molde - Mi granito de sal.<\/title>\n<meta name=\"robots\" content=\"index, follow, max-snippet:-1, max-image-preview:large, max-video-preview:-1\" \/>\n<link rel=\"canonical\" href=\"https:\/\/migranitodesal.com\/?p=292\" \/>\n<meta property=\"og:locale\" content=\"es_ES\" \/>\n<meta property=\"og:type\" content=\"article\" \/>\n<meta property=\"og:title\" content=\"Pan de molde - Mi granito de sal.\" \/>\n<meta property=\"og:description\" content=\"Este pan es una mezcla de las recetas de Auro y Mafalda, no es que quisiese modificar el de ellas, es porque o me faltaba una cosa o me faltaba otra y entre las dos saqu\u00e9 mi variaci\u00f3n y puedo recomendarlo porque sali\u00f3 muy bueno. Ingredientes masa de arranque: 100 grs de harina de fuerza100 grs de harina normal200 grs de agua tibia ( no caliente)2 sobres de levadura seca de panader\u00eda ( de 7grs) Elaboraci\u00f3n masa de arranque En un bol grandecito y con la ayuda de una cuchara de madera, mezclar bien las harinas del arranque primero con la levadura y luego con el agua, hasta que se forme una pasta espesita. Tapar con film y dejar reposar hasta que doble el volumen (mas o menos media hora, pero depende de la temperatura ambiente). Para la masa : 230 grs de harina de fuerza230 grs de harina normal125 grs agua75 grs de nata40 grs de aceite10 grs de mantequilla15 grs de az\u00facar10 grs de miel10 grs de sal1 cucharada de lecitina de soja Elaboraci\u00f3n pan: Vierta en el vaso de la thermomix el agua, la nata, la lecitina, la mantequilla, el aceite,&nbsp; el az\u00facar y la miel programe 1.30 min. 37\u00ba, Vel.2 Vierta la harina y amase a Vel. espiga 2 minutos, a\u00f1ada la masa de arranque y amase a Vel. Espiga 5 minutos m\u00e1s, durante este tiempo agregue la sal por el bocal, cuando acabe, saque la masa y haga cuatro bolas iguales, extienda con el rodillo y haga una tira, enr\u00f3llela sobre si misma, col\u00f3quela en un extremo del molde (que ya tendremos engrasado con aceite,&nbsp; la tapa tambi\u00e9n) proceda de igual forma con las otras tres. D\u00e9jelo levar, hasta que duplique el volumen (entre 1 y 2 horas depende de si el tiempo es caluroso o fr\u00edo, a mi me a tardado solo unos 45 minutos, tenia la calefacci\u00f3n en marcha) Hornee&nbsp; 35 minutos aproximadamente, como el molde era nuevo no me cog\u00eda color,&nbsp; tuve que sacarlo y dorarlo sin molde,&nbsp; si quiere la corteza blanda, enr\u00f3llelo en un pa\u00f1o y m\u00e9talo en una bolsa cuando lo saque del molde y deje que se enfri\u00e9 antes de cortarlo. Sugerencia: Para conservarlo se pueden meter las rebanadas&nbsp; en bolsitas y congelarlas\" \/>\n<meta property=\"og:url\" content=\"https:\/\/migranitodesal.com\/?p=292\" \/>\n<meta property=\"og:site_name\" content=\"Mi granito de sal.\" \/>\n<meta property=\"article:published_time\" content=\"2008-01-16T18:15:48+00:00\" \/>\n<meta property=\"article:modified_time\" content=\"2024-02-12T09:31:06+00:00\" \/>\n<meta property=\"og:image\" content=\"https:\/\/migranitodesal.com\/wp-content\/uploads\/2024\/02\/rebanaditas.jpg\" \/>\n\t<meta property=\"og:image:width\" content=\"640\" \/>\n\t<meta property=\"og:image:height\" content=\"480\" \/>\n\t<meta property=\"og:image:type\" content=\"image\/jpeg\" \/>\n<meta name=\"author\" content=\"maripepa\" \/>\n<meta name=\"twitter:card\" content=\"summary_large_image\" \/>\n<meta name=\"twitter:label1\" content=\"Escrito por\" \/>\n\t<meta name=\"twitter:data1\" content=\"maripepa\" \/>\n\t<meta name=\"twitter:label2\" content=\"Tiempo de lectura\" \/>\n\t<meta name=\"twitter:data2\" content=\"2 minutos\" \/>\n<script type=\"application\/ld+json\" class=\"yoast-schema-graph\">{\"@context\":\"https:\/\/schema.org\",\"@graph\":[{\"@type\":\"Article\",\"@id\":\"https:\/\/migranitodesal.com\/?p=292#article\",\"isPartOf\":{\"@id\":\"https:\/\/migranitodesal.com\/?p=292\"},\"author\":{\"name\":\"maripepa\",\"@id\":\"https:\/\/migranitodesal.com\/#\/schema\/person\/2674140d5dd1b720f9b1e6d01e66dd12\"},\"headline\":\"Pan de molde\",\"datePublished\":\"2008-01-16T18:15:48+00:00\",\"dateModified\":\"2024-02-12T09:31:06+00:00\",\"mainEntityOfPage\":{\"@id\":\"https:\/\/migranitodesal.com\/?p=292\"},\"wordCount\":389,\"commentCount\":7,\"publisher\":{\"@id\":\"https:\/\/migranitodesal.com\/#\/schema\/person\/2674140d5dd1b720f9b1e6d01e66dd12\"},\"image\":{\"@id\":\"https:\/\/migranitodesal.com\/?p=292#primaryimage\"},\"thumbnailUrl\":\"https:\/\/migranitodesal.com\/wp-content\/uploads\/2024\/02\/rebanaditas.jpg\",\"articleSection\":[\"Panes\"],\"inLanguage\":\"es\",\"potentialAction\":[{\"@type\":\"CommentAction\",\"name\":\"Comment\",\"target\":[\"https:\/\/migranitodesal.com\/?p=292#respond\"]}]},{\"@type\":\"WebPage\",\"@id\":\"https:\/\/migranitodesal.com\/?p=292\",\"url\":\"https:\/\/migranitodesal.com\/?p=292\",\"name\":\"Pan de molde - Mi granito de sal.\",\"isPartOf\":{\"@id\":\"https:\/\/migranitodesal.com\/#website\"},\"primaryImageOfPage\":{\"@id\":\"https:\/\/migranitodesal.com\/?p=292#primaryimage\"},\"image\":{\"@id\":\"https:\/\/migranitodesal.com\/?p=292#primaryimage\"},\"thumbnailUrl\":\"https:\/\/migranitodesal.com\/wp-content\/uploads\/2024\/02\/rebanaditas.jpg\",\"datePublished\":\"2008-01-16T18:15:48+00:00\",\"dateModified\":\"2024-02-12T09:31:06+00:00\",\"breadcrumb\":{\"@id\":\"https:\/\/migranitodesal.com\/?p=292#breadcrumb\"},\"inLanguage\":\"es\",\"potentialAction\":[{\"@type\":\"ReadAction\",\"target\":[\"https:\/\/migranitodesal.com\/?p=292\"]}]},{\"@type\":\"ImageObject\",\"inLanguage\":\"es\",\"@id\":\"https:\/\/migranitodesal.com\/?p=292#primaryimage\",\"url\":\"https:\/\/migranitodesal.com\/wp-content\/uploads\/2024\/02\/rebanaditas.jpg\",\"contentUrl\":\"https:\/\/migranitodesal.com\/wp-content\/uploads\/2024\/02\/rebanaditas.jpg\",\"width\":640,\"height\":480},{\"@type\":\"BreadcrumbList\",\"@id\":\"https:\/\/migranitodesal.com\/?p=292#breadcrumb\",\"itemListElement\":[{\"@type\":\"ListItem\",\"position\":1,\"name\":\"Portada\",\"item\":\"https:\/\/migranitodesal.com\/\"},{\"@type\":\"ListItem\",\"position\":2,\"name\":\"Pan de molde\"}]},{\"@type\":\"WebSite\",\"@id\":\"https:\/\/migranitodesal.com\/#website\",\"url\":\"https:\/\/migranitodesal.com\/\",\"name\":\"Mi granito de sal.\",\"description\":\"Aqu\u00ed est\u00e1 lo que a lo largo del tiempo he ido aprendiendo\",\"publisher\":{\"@id\":\"https:\/\/migranitodesal.com\/#\/schema\/person\/2674140d5dd1b720f9b1e6d01e66dd12\"},\"potentialAction\":[{\"@type\":\"SearchAction\",\"target\":{\"@type\":\"EntryPoint\",\"urlTemplate\":\"https:\/\/migranitodesal.com\/?s={search_term_string}\"},\"query-input\":\"required name=search_term_string\"}],\"inLanguage\":\"es\"},{\"@type\":[\"Person\",\"Organization\"],\"@id\":\"https:\/\/migranitodesal.com\/#\/schema\/person\/2674140d5dd1b720f9b1e6d01e66dd12\",\"name\":\"maripepa\",\"image\":{\"@type\":\"ImageObject\",\"inLanguage\":\"es\",\"@id\":\"https:\/\/migranitodesal.com\/#\/schema\/person\/image\/\",\"url\":\"https:\/\/secure.gravatar.com\/avatar\/2a325d07cd3c812fab8706d3b75aa541?s=96&d=mm&r=g\",\"contentUrl\":\"https:\/\/secure.gravatar.com\/avatar\/2a325d07cd3c812fab8706d3b75aa541?s=96&d=mm&r=g\",\"caption\":\"maripepa\"},\"logo\":{\"@id\":\"https:\/\/migranitodesal.com\/#\/schema\/person\/image\/\"},\"sameAs\":[\"http:\/\/www.migranitodesal.com\"],\"url\":\"https:\/\/migranitodesal.com\/?author=1\"}]}<\/script>\n<!-- \/ Yoast SEO plugin. -->","yoast_head_json":{"title":"Pan de molde - Mi granito de sal.","robots":{"index":"index","follow":"follow","max-snippet":"max-snippet:-1","max-image-preview":"max-image-preview:large","max-video-preview":"max-video-preview:-1"},"canonical":"https:\/\/migranitodesal.com\/?p=292","og_locale":"es_ES","og_type":"article","og_title":"Pan de molde - Mi granito de sal.","og_description":"Este pan es una mezcla de las recetas de Auro y Mafalda, no es que quisiese modificar el de ellas, es porque o me faltaba una cosa o me faltaba otra y entre las dos saqu\u00e9 mi variaci\u00f3n y puedo recomendarlo porque sali\u00f3 muy bueno. Ingredientes masa de arranque: 100 grs de harina de fuerza100 grs de harina normal200 grs de agua tibia ( no caliente)2 sobres de levadura seca de panader\u00eda ( de 7grs) Elaboraci\u00f3n masa de arranque En un bol grandecito y con la ayuda de una cuchara de madera, mezclar bien las harinas del arranque primero con la levadura y luego con el agua, hasta que se forme una pasta espesita. Tapar con film y dejar reposar hasta que doble el volumen (mas o menos media hora, pero depende de la temperatura ambiente). Para la masa : 230 grs de harina de fuerza230 grs de harina normal125 grs agua75 grs de nata40 grs de aceite10 grs de mantequilla15 grs de az\u00facar10 grs de miel10 grs de sal1 cucharada de lecitina de soja Elaboraci\u00f3n pan: Vierta en el vaso de la thermomix el agua, la nata, la lecitina, la mantequilla, el aceite,&nbsp; el az\u00facar y la miel programe 1.30 min. 37\u00ba, Vel.2 Vierta la harina y amase a Vel. espiga 2 minutos, a\u00f1ada la masa de arranque y amase a Vel. Espiga 5 minutos m\u00e1s, durante este tiempo agregue la sal por el bocal, cuando acabe, saque la masa y haga cuatro bolas iguales, extienda con el rodillo y haga una tira, enr\u00f3llela sobre si misma, col\u00f3quela en un extremo del molde (que ya tendremos engrasado con aceite,&nbsp; la tapa tambi\u00e9n) proceda de igual forma con las otras tres. D\u00e9jelo levar, hasta que duplique el volumen (entre 1 y 2 horas depende de si el tiempo es caluroso o fr\u00edo, a mi me a tardado solo unos 45 minutos, tenia la calefacci\u00f3n en marcha) Hornee&nbsp; 35 minutos aproximadamente, como el molde era nuevo no me cog\u00eda color,&nbsp; tuve que sacarlo y dorarlo sin molde,&nbsp; si quiere la corteza blanda, enr\u00f3llelo en un pa\u00f1o y m\u00e9talo en una bolsa cuando lo saque del molde y deje que se enfri\u00e9 antes de cortarlo. Sugerencia: Para conservarlo se pueden meter las rebanadas&nbsp; en bolsitas y congelarlas","og_url":"https:\/\/migranitodesal.com\/?p=292","og_site_name":"Mi granito de sal.","article_published_time":"2008-01-16T18:15:48+00:00","article_modified_time":"2024-02-12T09:31:06+00:00","og_image":[{"width":640,"height":480,"url":"https:\/\/migranitodesal.com\/wp-content\/uploads\/2024\/02\/rebanaditas.jpg","type":"image\/jpeg"}],"author":"maripepa","twitter_card":"summary_large_image","twitter_misc":{"Escrito por":"maripepa","Tiempo de lectura":"2 minutos"},"schema":{"@context":"https:\/\/schema.org","@graph":[{"@type":"Article","@id":"https:\/\/migranitodesal.com\/?p=292#article","isPartOf":{"@id":"https:\/\/migranitodesal.com\/?p=292"},"author":{"name":"maripepa","@id":"https:\/\/migranitodesal.com\/#\/schema\/person\/2674140d5dd1b720f9b1e6d01e66dd12"},"headline":"Pan de molde","datePublished":"2008-01-16T18:15:48+00:00","dateModified":"2024-02-12T09:31:06+00:00","mainEntityOfPage":{"@id":"https:\/\/migranitodesal.com\/?p=292"},"wordCount":389,"commentCount":7,"publisher":{"@id":"https:\/\/migranitodesal.com\/#\/schema\/person\/2674140d5dd1b720f9b1e6d01e66dd12"},"image":{"@id":"https:\/\/migranitodesal.com\/?p=292#primaryimage"},"thumbnailUrl":"https:\/\/migranitodesal.com\/wp-content\/uploads\/2024\/02\/rebanaditas.jpg","articleSection":["Panes"],"inLanguage":"es","potentialAction":[{"@type":"CommentAction","name":"Comment","target":["https:\/\/migranitodesal.com\/?p=292#respond"]}]},{"@type":"WebPage","@id":"https:\/\/migranitodesal.com\/?p=292","url":"https:\/\/migranitodesal.com\/?p=292","name":"Pan de molde - Mi granito de sal.","isPartOf":{"@id":"https:\/\/migranitodesal.com\/#website"},"primaryImageOfPage":{"@id":"https:\/\/migranitodesal.com\/?p=292#primaryimage"},"image":{"@id":"https:\/\/migranitodesal.com\/?p=292#primaryimage"},"thumbnailUrl":"https:\/\/migranitodesal.com\/wp-content\/uploads\/2024\/02\/rebanaditas.jpg","datePublished":"2008-01-16T18:15:48+00:00","dateModified":"2024-02-12T09:31:06+00:00","breadcrumb":{"@id":"https:\/\/migranitodesal.com\/?p=292#breadcrumb"},"inLanguage":"es","potentialAction":[{"@type":"ReadAction","target":["https:\/\/migranitodesal.com\/?p=292"]}]},{"@type":"ImageObject","inLanguage":"es","@id":"https:\/\/migranitodesal.com\/?p=292#primaryimage","url":"https:\/\/migranitodesal.com\/wp-content\/uploads\/2024\/02\/rebanaditas.jpg","contentUrl":"https:\/\/migranitodesal.com\/wp-content\/uploads\/2024\/02\/rebanaditas.jpg","width":640,"height":480},{"@type":"BreadcrumbList","@id":"https:\/\/migranitodesal.com\/?p=292#breadcrumb","itemListElement":[{"@type":"ListItem","position":1,"name":"Portada","item":"https:\/\/migranitodesal.com\/"},{"@type":"ListItem","position":2,"name":"Pan de molde"}]},{"@type":"WebSite","@id":"https:\/\/migranitodesal.com\/#website","url":"https:\/\/migranitodesal.com\/","name":"Mi granito de sal.","description":"Aqu\u00ed est\u00e1 lo que a lo largo del tiempo he ido aprendiendo","publisher":{"@id":"https:\/\/migranitodesal.com\/#\/schema\/person\/2674140d5dd1b720f9b1e6d01e66dd12"},"potentialAction":[{"@type":"SearchAction","target":{"@type":"EntryPoint","urlTemplate":"https:\/\/migranitodesal.com\/?s={search_term_string}"},"query-input":"required name=search_term_string"}],"inLanguage":"es"},{"@type":["Person","Organization"],"@id":"https:\/\/migranitodesal.com\/#\/schema\/person\/2674140d5dd1b720f9b1e6d01e66dd12","name":"maripepa","image":{"@type":"ImageObject","inLanguage":"es","@id":"https:\/\/migranitodesal.com\/#\/schema\/person\/image\/","url":"https:\/\/secure.gravatar.com\/avatar\/2a325d07cd3c812fab8706d3b75aa541?s=96&d=mm&r=g","contentUrl":"https:\/\/secure.gravatar.com\/avatar\/2a325d07cd3c812fab8706d3b75aa541?s=96&d=mm&r=g","caption":"maripepa"},"logo":{"@id":"https:\/\/migranitodesal.com\/#\/schema\/person\/image\/"},"sameAs":["http:\/\/www.migranitodesal.com"],"url":"https:\/\/migranitodesal.com\/?author=1"}]}},"_links":{"self":[{"href":"https:\/\/migranitodesal.com\/index.php?rest_route=\/wp\/v2\/posts\/292"}],"collection":[{"href":"https:\/\/migranitodesal.com\/index.php?rest_route=\/wp\/v2\/posts"}],"about":[{"href":"https:\/\/migranitodesal.com\/index.php?rest_route=\/wp\/v2\/types\/post"}],"author":[{"embeddable":true,"href":"https:\/\/migranitodesal.com\/index.php?rest_route=\/wp\/v2\/users\/1"}],"replies":[{"embeddable":true,"href":"https:\/\/migranitodesal.com\/index.php?rest_route=%2Fwp%2Fv2%2Fcomments&post=292"}],"version-history":[{"count":1,"href":"https:\/\/migranitodesal.com\/index.php?rest_route=\/wp\/v2\/posts\/292\/revisions"}],"predecessor-version":[{"id":2153,"href":"https:\/\/migranitodesal.com\/index.php?rest_route=\/wp\/v2\/posts\/292\/revisions\/2153"}],"wp:featuredmedia":[{"embeddable":true,"href":"https:\/\/migranitodesal.com\/index.php?rest_route=\/wp\/v2\/media\/2139"}],"wp:attachment":[{"href":"https:\/\/migranitodesal.com\/index.php?rest_route=%2Fwp%2Fv2%2Fmedia&parent=292"}],"wp:term":[{"taxonomy":"category","embeddable":true,"href":"https:\/\/migranitodesal.com\/index.php?rest_route=%2Fwp%2Fv2%2Fcategories&post=292"},{"taxonomy":"post_tag","embeddable":true,"href":"https:\/\/migranitodesal.com\/index.php?rest_route=%2Fwp%2Fv2%2Ftags&post=292"}],"curies":[{"name":"wp","href":"https:\/\/api.w.org\/{rel}","templated":true}]}}