{"id":303,"date":"2008-02-17T14:33:29","date_gmt":"2008-02-17T19:33:29","guid":{"rendered":"http:\/\/migranitodesal.com\/?p=303"},"modified":"2024-02-12T10:05:47","modified_gmt":"2024-02-12T09:05:47","slug":"rubiols","status":"publish","type":"post","link":"https:\/\/migranitodesal.com\/?p=303","title":{"rendered":"Rubiols"},"content":{"rendered":"\n<p>Empezaremos a calentar motores, que de aqu\u00ed a nada llega Pascua.<\/p>\n\n\n\n<p>Como os pod\u00e9is suponer yo a\u00fan no he hecho nada de esto, pero os lo pongo con tiempo por si alguien quiere probarlos y tener la receta a tiempo.<\/p>\n\n\n\n<p>Son unas pastas t\u00edpicas de Mallorca, que antes solo se hac\u00edan en Pascua, pero ahora se pueden comprar y hacer en cualquier momento del a\u00f1o.<\/p>\n\n\n\n<p>Os animo a probarlos.<\/p>\n\n\n\n<p><u>Ingredientes para la masa: <\/u><\/p>\n\n\n\n<p>200 grs. de manteca<br>200 grs. de az\u00facar <br>100 grs. de aceite<br>100 grs. de moscatel o mistela <br>800 grs. de harina (m\u00e1s o menos)<\/p>\n\n\n\n<p><u>Ingredientes relleno: <\/u><\/p>\n\n\n\n<p>400 grs. de cabello de \u00e1ngel <br>400 grs. de reques\u00f3n <br>Ralladura de 1 lim\u00f3n&nbsp; ,2 yemas de huevo, canela y un poco de az\u00facar (todo esto para mezclar con el reques\u00f3n)<\/p>\n\n\n\n<p><u>Elaboraci\u00f3n: <\/u><\/p>\n\n\n\n<p>Pulverizar el az\u00facar y reservar<\/p>\n\n\n\n<p>Fundir la manteca 1 minuto o 2 a 37\u00ba, Velocidad1 (que no quede l\u00edquida)<\/p>\n\n\n\n<p>A\u00f1adir el aceite, el az\u00facar pulverizado y mezclar unos segundos a Velocidad 4, agregar la harina y mezclar&nbsp; todos los ingredientes unos cuantos segundos m\u00e1s (no tiene que amasarse) si no est\u00e1 bien mezclado terminar de mezclar a mano<\/p>\n\n\n\n<p>Guardar una \u00bd hora en una bolsa en el frigo y hacer los rubiols.<\/p>\n\n\n\n<p><u>Nota:<\/u><\/p>\n\n\n\n<p><u><br><\/u>La manera m\u00e1s f\u00e1cil es poner la masa entre 2 silpats y aplanar con el rodillo.<\/p>\n\n\n\n<p>Rellenarlos y meterlos al horno unos 25 minutos, dejar enfriar y espolvorear de az\u00facar glass .<\/p>\n\n\n\n<p>Yo los rellen\u00e9 de cabello de \u00e1ngel y de reques\u00f3n, tambi\u00e9n se pueden rellenar de confitura, de flan y de compota de boniato.<\/p>\n\n\n\n<p>Que aprovechen!!!!!!<\/p>\n","protected":false},"excerpt":{"rendered":"<p>Empezaremos a calentar motores, que de aqu\u00ed a nada llega Pascua. Como os pod\u00e9is suponer yo a\u00fan no he hecho nada de esto, pero os lo pongo con tiempo por si alguien quiere probarlos y tener la receta a tiempo. Son unas pastas t\u00edpicas de Mallorca, que antes solo se hac\u00edan en Pascua, pero ahora se pueden comprar y hacer en cualquier momento del a\u00f1o. Os animo a probarlos. Ingredientes para la masa: 200 grs. de manteca200 grs. de az\u00facar 100 grs. de aceite100 grs. de moscatel o mistela 800 grs. de harina (m\u00e1s o menos) Ingredientes relleno: 400 grs. de cabello de \u00e1ngel 400 grs. de reques\u00f3n Ralladura de 1 lim\u00f3n&nbsp; ,2 yemas de huevo, canela y un poco de az\u00facar (todo esto para mezclar con el reques\u00f3n) Elaboraci\u00f3n: Pulverizar el az\u00facar y reservar Fundir la manteca 1 minuto o 2 a 37\u00ba, Velocidad1 (que no quede l\u00edquida) A\u00f1adir el aceite, el az\u00facar pulverizado y mezclar unos segundos a Velocidad 4, agregar la harina y mezclar&nbsp; todos los ingredientes unos cuantos segundos m\u00e1s (no tiene que amasarse) si no est\u00e1 bien mezclado terminar de mezclar a mano Guardar una \u00bd hora en una bolsa en el frigo y hacer los rubiols. Nota: La manera m\u00e1s f\u00e1cil es poner la masa entre 2 silpats y aplanar con el rodillo. Rellenarlos y meterlos al horno unos 25 minutos, dejar enfriar y espolvorear de az\u00facar glass . Yo los rellen\u00e9 de cabello de \u00e1ngel y de reques\u00f3n, tambi\u00e9n se pueden rellenar de confitura, de flan y de compota de boniato. Que aprovechen!!!!!!<\/p>\n","protected":false},"author":1,"featured_media":2022,"comment_status":"open","ping_status":"open","sticky":false,"template":"","format":"standard","meta":{"footnotes":""},"categories":[11],"tags":[],"acf":[],"yoast_head":"<!-- This site is optimized with the Yoast SEO plugin v22.6 - https:\/\/yoast.com\/wordpress\/plugins\/seo\/ -->\n<title>Rubiols - Mi granito de sal.<\/title>\n<meta name=\"robots\" content=\"index, follow, max-snippet:-1, max-image-preview:large, max-video-preview:-1\" \/>\n<link rel=\"canonical\" href=\"https:\/\/migranitodesal.com\/?p=303\" \/>\n<meta property=\"og:locale\" content=\"es_ES\" \/>\n<meta property=\"og:type\" content=\"article\" \/>\n<meta property=\"og:title\" content=\"Rubiols - Mi granito de sal.\" \/>\n<meta property=\"og:description\" content=\"Empezaremos a calentar motores, que de aqu\u00ed a nada llega Pascua. Como os pod\u00e9is suponer yo a\u00fan no he hecho nada de esto, pero os lo pongo con tiempo por si alguien quiere probarlos y tener la receta a tiempo. Son unas pastas t\u00edpicas de Mallorca, que antes solo se hac\u00edan en Pascua, pero ahora se pueden comprar y hacer en cualquier momento del a\u00f1o. Os animo a probarlos. Ingredientes para la masa: 200 grs. de manteca200 grs. de az\u00facar 100 grs. de aceite100 grs. de moscatel o mistela 800 grs. de harina (m\u00e1s o menos) Ingredientes relleno: 400 grs. de cabello de \u00e1ngel 400 grs. de reques\u00f3n Ralladura de 1 lim\u00f3n&nbsp; ,2 yemas de huevo, canela y un poco de az\u00facar (todo esto para mezclar con el reques\u00f3n) Elaboraci\u00f3n: Pulverizar el az\u00facar y reservar Fundir la manteca 1 minuto o 2 a 37\u00ba, Velocidad1 (que no quede l\u00edquida) A\u00f1adir el aceite, el az\u00facar pulverizado y mezclar unos segundos a Velocidad 4, agregar la harina y mezclar&nbsp; todos los ingredientes unos cuantos segundos m\u00e1s (no tiene que amasarse) si no est\u00e1 bien mezclado terminar de mezclar a mano Guardar una \u00bd hora en una bolsa en el frigo y hacer los rubiols. Nota: La manera m\u00e1s f\u00e1cil es poner la masa entre 2 silpats y aplanar con el rodillo. Rellenarlos y meterlos al horno unos 25 minutos, dejar enfriar y espolvorear de az\u00facar glass . Yo los rellen\u00e9 de cabello de \u00e1ngel y de reques\u00f3n, tambi\u00e9n se pueden rellenar de confitura, de flan y de compota de boniato. Que aprovechen!!!!!!\" \/>\n<meta property=\"og:url\" content=\"https:\/\/migranitodesal.com\/?p=303\" \/>\n<meta property=\"og:site_name\" content=\"Mi granito de sal.\" \/>\n<meta property=\"article:published_time\" content=\"2008-02-17T19:33:29+00:00\" \/>\n<meta property=\"article:modified_time\" content=\"2024-02-12T09:05:47+00:00\" \/>\n<meta property=\"og:image\" content=\"https:\/\/migranitodesal.com\/wp-content\/uploads\/2024\/02\/rubiols.jpg\" \/>\n\t<meta property=\"og:image:width\" content=\"640\" \/>\n\t<meta property=\"og:image:height\" content=\"423\" \/>\n\t<meta property=\"og:image:type\" content=\"image\/jpeg\" \/>\n<meta name=\"author\" content=\"maripepa\" \/>\n<meta name=\"twitter:card\" content=\"summary_large_image\" \/>\n<meta name=\"twitter:label1\" content=\"Escrito por\" \/>\n\t<meta name=\"twitter:data1\" content=\"maripepa\" \/>\n\t<meta name=\"twitter:label2\" content=\"Tiempo de lectura\" \/>\n\t<meta name=\"twitter:data2\" content=\"1 minuto\" \/>\n<script type=\"application\/ld+json\" class=\"yoast-schema-graph\">{\"@context\":\"https:\/\/schema.org\",\"@graph\":[{\"@type\":\"Article\",\"@id\":\"https:\/\/migranitodesal.com\/?p=303#article\",\"isPartOf\":{\"@id\":\"https:\/\/migranitodesal.com\/?p=303\"},\"author\":{\"name\":\"maripepa\",\"@id\":\"https:\/\/migranitodesal.com\/#\/schema\/person\/2674140d5dd1b720f9b1e6d01e66dd12\"},\"headline\":\"Rubiols\",\"datePublished\":\"2008-02-17T19:33:29+00:00\",\"dateModified\":\"2024-02-12T09:05:47+00:00\",\"mainEntityOfPage\":{\"@id\":\"https:\/\/migranitodesal.com\/?p=303\"},\"wordCount\":270,\"commentCount\":12,\"publisher\":{\"@id\":\"https:\/\/migranitodesal.com\/#\/schema\/person\/2674140d5dd1b720f9b1e6d01e66dd12\"},\"image\":{\"@id\":\"https:\/\/migranitodesal.com\/?p=303#primaryimage\"},\"thumbnailUrl\":\"https:\/\/migranitodesal.com\/wp-content\/uploads\/2024\/02\/rubiols.jpg\",\"articleSection\":[\"Cocina Mallorca\"],\"inLanguage\":\"es\",\"potentialAction\":[{\"@type\":\"CommentAction\",\"name\":\"Comment\",\"target\":[\"https:\/\/migranitodesal.com\/?p=303#respond\"]}]},{\"@type\":\"WebPage\",\"@id\":\"https:\/\/migranitodesal.com\/?p=303\",\"url\":\"https:\/\/migranitodesal.com\/?p=303\",\"name\":\"Rubiols - Mi granito de sal.\",\"isPartOf\":{\"@id\":\"https:\/\/migranitodesal.com\/#website\"},\"primaryImageOfPage\":{\"@id\":\"https:\/\/migranitodesal.com\/?p=303#primaryimage\"},\"image\":{\"@id\":\"https:\/\/migranitodesal.com\/?p=303#primaryimage\"},\"thumbnailUrl\":\"https:\/\/migranitodesal.com\/wp-content\/uploads\/2024\/02\/rubiols.jpg\",\"datePublished\":\"2008-02-17T19:33:29+00:00\",\"dateModified\":\"2024-02-12T09:05:47+00:00\",\"breadcrumb\":{\"@id\":\"https:\/\/migranitodesal.com\/?p=303#breadcrumb\"},\"inLanguage\":\"es\",\"potentialAction\":[{\"@type\":\"ReadAction\",\"target\":[\"https:\/\/migranitodesal.com\/?p=303\"]}]},{\"@type\":\"ImageObject\",\"inLanguage\":\"es\",\"@id\":\"https:\/\/migranitodesal.com\/?p=303#primaryimage\",\"url\":\"https:\/\/migranitodesal.com\/wp-content\/uploads\/2024\/02\/rubiols.jpg\",\"contentUrl\":\"https:\/\/migranitodesal.com\/wp-content\/uploads\/2024\/02\/rubiols.jpg\",\"width\":640,\"height\":423},{\"@type\":\"BreadcrumbList\",\"@id\":\"https:\/\/migranitodesal.com\/?p=303#breadcrumb\",\"itemListElement\":[{\"@type\":\"ListItem\",\"position\":1,\"name\":\"Portada\",\"item\":\"https:\/\/migranitodesal.com\/\"},{\"@type\":\"ListItem\",\"position\":2,\"name\":\"Rubiols\"}]},{\"@type\":\"WebSite\",\"@id\":\"https:\/\/migranitodesal.com\/#website\",\"url\":\"https:\/\/migranitodesal.com\/\",\"name\":\"Mi granito de sal.\",\"description\":\"Aqu\u00ed est\u00e1 lo que a lo largo del tiempo he ido aprendiendo\",\"publisher\":{\"@id\":\"https:\/\/migranitodesal.com\/#\/schema\/person\/2674140d5dd1b720f9b1e6d01e66dd12\"},\"potentialAction\":[{\"@type\":\"SearchAction\",\"target\":{\"@type\":\"EntryPoint\",\"urlTemplate\":\"https:\/\/migranitodesal.com\/?s={search_term_string}\"},\"query-input\":\"required name=search_term_string\"}],\"inLanguage\":\"es\"},{\"@type\":[\"Person\",\"Organization\"],\"@id\":\"https:\/\/migranitodesal.com\/#\/schema\/person\/2674140d5dd1b720f9b1e6d01e66dd12\",\"name\":\"maripepa\",\"image\":{\"@type\":\"ImageObject\",\"inLanguage\":\"es\",\"@id\":\"https:\/\/migranitodesal.com\/#\/schema\/person\/image\/\",\"url\":\"https:\/\/secure.gravatar.com\/avatar\/2a325d07cd3c812fab8706d3b75aa541?s=96&d=mm&r=g\",\"contentUrl\":\"https:\/\/secure.gravatar.com\/avatar\/2a325d07cd3c812fab8706d3b75aa541?s=96&d=mm&r=g\",\"caption\":\"maripepa\"},\"logo\":{\"@id\":\"https:\/\/migranitodesal.com\/#\/schema\/person\/image\/\"},\"sameAs\":[\"http:\/\/www.migranitodesal.com\"],\"url\":\"https:\/\/migranitodesal.com\/?author=1\"}]}<\/script>\n<!-- \/ Yoast SEO plugin. -->","yoast_head_json":{"title":"Rubiols - Mi granito de sal.","robots":{"index":"index","follow":"follow","max-snippet":"max-snippet:-1","max-image-preview":"max-image-preview:large","max-video-preview":"max-video-preview:-1"},"canonical":"https:\/\/migranitodesal.com\/?p=303","og_locale":"es_ES","og_type":"article","og_title":"Rubiols - Mi granito de sal.","og_description":"Empezaremos a calentar motores, que de aqu\u00ed a nada llega Pascua. Como os pod\u00e9is suponer yo a\u00fan no he hecho nada de esto, pero os lo pongo con tiempo por si alguien quiere probarlos y tener la receta a tiempo. Son unas pastas t\u00edpicas de Mallorca, que antes solo se hac\u00edan en Pascua, pero ahora se pueden comprar y hacer en cualquier momento del a\u00f1o. Os animo a probarlos. Ingredientes para la masa: 200 grs. de manteca200 grs. de az\u00facar 100 grs. de aceite100 grs. de moscatel o mistela 800 grs. de harina (m\u00e1s o menos) Ingredientes relleno: 400 grs. de cabello de \u00e1ngel 400 grs. de reques\u00f3n Ralladura de 1 lim\u00f3n&nbsp; ,2 yemas de huevo, canela y un poco de az\u00facar (todo esto para mezclar con el reques\u00f3n) Elaboraci\u00f3n: Pulverizar el az\u00facar y reservar Fundir la manteca 1 minuto o 2 a 37\u00ba, Velocidad1 (que no quede l\u00edquida) A\u00f1adir el aceite, el az\u00facar pulverizado y mezclar unos segundos a Velocidad 4, agregar la harina y mezclar&nbsp; todos los ingredientes unos cuantos segundos m\u00e1s (no tiene que amasarse) si no est\u00e1 bien mezclado terminar de mezclar a mano Guardar una \u00bd hora en una bolsa en el frigo y hacer los rubiols. Nota: La manera m\u00e1s f\u00e1cil es poner la masa entre 2 silpats y aplanar con el rodillo. Rellenarlos y meterlos al horno unos 25 minutos, dejar enfriar y espolvorear de az\u00facar glass . Yo los rellen\u00e9 de cabello de \u00e1ngel y de reques\u00f3n, tambi\u00e9n se pueden rellenar de confitura, de flan y de compota de boniato. Que aprovechen!!!!!!","og_url":"https:\/\/migranitodesal.com\/?p=303","og_site_name":"Mi granito de sal.","article_published_time":"2008-02-17T19:33:29+00:00","article_modified_time":"2024-02-12T09:05:47+00:00","og_image":[{"width":640,"height":423,"url":"https:\/\/migranitodesal.com\/wp-content\/uploads\/2024\/02\/rubiols.jpg","type":"image\/jpeg"}],"author":"maripepa","twitter_card":"summary_large_image","twitter_misc":{"Escrito por":"maripepa","Tiempo de lectura":"1 minuto"},"schema":{"@context":"https:\/\/schema.org","@graph":[{"@type":"Article","@id":"https:\/\/migranitodesal.com\/?p=303#article","isPartOf":{"@id":"https:\/\/migranitodesal.com\/?p=303"},"author":{"name":"maripepa","@id":"https:\/\/migranitodesal.com\/#\/schema\/person\/2674140d5dd1b720f9b1e6d01e66dd12"},"headline":"Rubiols","datePublished":"2008-02-17T19:33:29+00:00","dateModified":"2024-02-12T09:05:47+00:00","mainEntityOfPage":{"@id":"https:\/\/migranitodesal.com\/?p=303"},"wordCount":270,"commentCount":12,"publisher":{"@id":"https:\/\/migranitodesal.com\/#\/schema\/person\/2674140d5dd1b720f9b1e6d01e66dd12"},"image":{"@id":"https:\/\/migranitodesal.com\/?p=303#primaryimage"},"thumbnailUrl":"https:\/\/migranitodesal.com\/wp-content\/uploads\/2024\/02\/rubiols.jpg","articleSection":["Cocina Mallorca"],"inLanguage":"es","potentialAction":[{"@type":"CommentAction","name":"Comment","target":["https:\/\/migranitodesal.com\/?p=303#respond"]}]},{"@type":"WebPage","@id":"https:\/\/migranitodesal.com\/?p=303","url":"https:\/\/migranitodesal.com\/?p=303","name":"Rubiols - Mi granito de sal.","isPartOf":{"@id":"https:\/\/migranitodesal.com\/#website"},"primaryImageOfPage":{"@id":"https:\/\/migranitodesal.com\/?p=303#primaryimage"},"image":{"@id":"https:\/\/migranitodesal.com\/?p=303#primaryimage"},"thumbnailUrl":"https:\/\/migranitodesal.com\/wp-content\/uploads\/2024\/02\/rubiols.jpg","datePublished":"2008-02-17T19:33:29+00:00","dateModified":"2024-02-12T09:05:47+00:00","breadcrumb":{"@id":"https:\/\/migranitodesal.com\/?p=303#breadcrumb"},"inLanguage":"es","potentialAction":[{"@type":"ReadAction","target":["https:\/\/migranitodesal.com\/?p=303"]}]},{"@type":"ImageObject","inLanguage":"es","@id":"https:\/\/migranitodesal.com\/?p=303#primaryimage","url":"https:\/\/migranitodesal.com\/wp-content\/uploads\/2024\/02\/rubiols.jpg","contentUrl":"https:\/\/migranitodesal.com\/wp-content\/uploads\/2024\/02\/rubiols.jpg","width":640,"height":423},{"@type":"BreadcrumbList","@id":"https:\/\/migranitodesal.com\/?p=303#breadcrumb","itemListElement":[{"@type":"ListItem","position":1,"name":"Portada","item":"https:\/\/migranitodesal.com\/"},{"@type":"ListItem","position":2,"name":"Rubiols"}]},{"@type":"WebSite","@id":"https:\/\/migranitodesal.com\/#website","url":"https:\/\/migranitodesal.com\/","name":"Mi granito de sal.","description":"Aqu\u00ed est\u00e1 lo que a lo largo del tiempo he ido aprendiendo","publisher":{"@id":"https:\/\/migranitodesal.com\/#\/schema\/person\/2674140d5dd1b720f9b1e6d01e66dd12"},"potentialAction":[{"@type":"SearchAction","target":{"@type":"EntryPoint","urlTemplate":"https:\/\/migranitodesal.com\/?s={search_term_string}"},"query-input":"required name=search_term_string"}],"inLanguage":"es"},{"@type":["Person","Organization"],"@id":"https:\/\/migranitodesal.com\/#\/schema\/person\/2674140d5dd1b720f9b1e6d01e66dd12","name":"maripepa","image":{"@type":"ImageObject","inLanguage":"es","@id":"https:\/\/migranitodesal.com\/#\/schema\/person\/image\/","url":"https:\/\/secure.gravatar.com\/avatar\/2a325d07cd3c812fab8706d3b75aa541?s=96&d=mm&r=g","contentUrl":"https:\/\/secure.gravatar.com\/avatar\/2a325d07cd3c812fab8706d3b75aa541?s=96&d=mm&r=g","caption":"maripepa"},"logo":{"@id":"https:\/\/migranitodesal.com\/#\/schema\/person\/image\/"},"sameAs":["http:\/\/www.migranitodesal.com"],"url":"https:\/\/migranitodesal.com\/?author=1"}]}},"_links":{"self":[{"href":"https:\/\/migranitodesal.com\/index.php?rest_route=\/wp\/v2\/posts\/303"}],"collection":[{"href":"https:\/\/migranitodesal.com\/index.php?rest_route=\/wp\/v2\/posts"}],"about":[{"href":"https:\/\/migranitodesal.com\/index.php?rest_route=\/wp\/v2\/types\/post"}],"author":[{"embeddable":true,"href":"https:\/\/migranitodesal.com\/index.php?rest_route=\/wp\/v2\/users\/1"}],"replies":[{"embeddable":true,"href":"https:\/\/migranitodesal.com\/index.php?rest_route=%2Fwp%2Fv2%2Fcomments&post=303"}],"version-history":[{"count":1,"href":"https:\/\/migranitodesal.com\/index.php?rest_route=\/wp\/v2\/posts\/303\/revisions"}],"predecessor-version":[{"id":2028,"href":"https:\/\/migranitodesal.com\/index.php?rest_route=\/wp\/v2\/posts\/303\/revisions\/2028"}],"wp:featuredmedia":[{"embeddable":true,"href":"https:\/\/migranitodesal.com\/index.php?rest_route=\/wp\/v2\/media\/2022"}],"wp:attachment":[{"href":"https:\/\/migranitodesal.com\/index.php?rest_route=%2Fwp%2Fv2%2Fmedia&parent=303"}],"wp:term":[{"taxonomy":"category","embeddable":true,"href":"https:\/\/migranitodesal.com\/index.php?rest_route=%2Fwp%2Fv2%2Fcategories&post=303"},{"taxonomy":"post_tag","embeddable":true,"href":"https:\/\/migranitodesal.com\/index.php?rest_route=%2Fwp%2Fv2%2Ftags&post=303"}],"curies":[{"name":"wp","href":"https:\/\/api.w.org\/{rel}","templated":true}]}}