{"id":320,"date":"2008-04-03T03:07:36","date_gmt":"2008-04-03T08:07:36","guid":{"rendered":"http:\/\/migranitodesal.com\/?p=320"},"modified":"2024-02-11T21:06:45","modified_gmt":"2024-02-11T20:06:45","slug":"pan-moreno-mallorqun","status":"publish","type":"post","link":"https:\/\/migranitodesal.com\/?p=320","title":{"rendered":"Pan moreno mallorqu&iacute;n"},"content":{"rendered":"\n<p>Este reportaje lo he elaborado a partir del grano de trigo, espero que os sea de utilidad, quiz\u00e1s lo encontr\u00e9is un poco largo, pero como s\u00e9 que no siempre es f\u00e1cil encontrar la harina para este pan os he querido poner la forma de hacerla.<br>Antes aqu\u00ed en Mallorca este era el \u00fanico pan que se com\u00eda, despu\u00e9s se empez\u00f3 a hacer con harina blanca y hoy en d\u00eda se comercializa cualquier pan.<\/p>\n\n\n\n<p>En las casas este era el que se hac\u00eda, porque adem\u00e1s duraba bastantes d\u00edas sin ponerse duro.<\/p>\n\n\n\n<p>Esta receta no est\u00e1 sacada de ning\u00fan libro, han sido mis experimentos lo que me han llevado a conseguirla.<\/p>\n\n\n\n<p>Os aseguro que no le tiene envidia a ning\u00fan pan comprado ( tambi\u00e9n hay que decir que no tengo abuelas) jajajaja. <\/p>\n\n\n\n<p>Empezaremos por el grano  <\/p>\n\n\n\n<figure class=\"wp-block-image\"><img decoding=\"async\" src=\"https:\/\/migranitodesal.com\/wp-content\/uploads\/2008\/04\/PanMoreno_Trigo.jpg\" alt=\"PanMoreno_Trigo\"\/><\/figure>\n\n\n\n<p>El grano molido con la Thermomix31 (trabajo con esta porque es la que tengo)  <\/p>\n\n\n\n<figure class=\"wp-block-image\"><img decoding=\"async\" src=\"https:\/\/migranitodesal.com\/wp-content\/uploads\/2008\/04\/PanMoreno_Harina.jpg\" alt=\"PanMoreno_Harina\"\/><\/figure>\n\n\n\n<figure class=\"wp-block-image\"><img decoding=\"async\" src=\"https:\/\/migranitodesal.com\/wp-content\/uploads\/2008\/04\/PanMoreno_Harina2.jpg\" alt=\"PanMoreno_Harina2\"\/><\/figure>\n\n\n\n<p>Y pensar\u00e9is que aqu\u00ed se mezcla c\u00e1scara y harina, pues se cierne con un cedazo fino y se separa la c\u00e1scara de la harina  <\/p>\n\n\n\n<figure class=\"wp-block-image\"><img decoding=\"async\" src=\"https:\/\/migranitodesal.com\/wp-content\/uploads\/2008\/04\/Harina_separada.jpg\" alt=\"Harina_separada\"\/><\/figure>\n\n\n\n<p><u>Ingredientes:<\/u><\/p>\n\n\n\n<p><u>Fermento:<\/u><\/p>\n\n\n\n<p>60 grs de harina<br>60 grs de agua<br>7 grs de levadura seca de panader\u00eda<br>1 cucharadita de malta de arroz (melaza) <\/p>\n\n\n\n<p>O bien: 120 grs de masa madre de Erik Kayser  <\/p>\n\n\n\n<p><u>Ingredientes pan:<\/u><\/p>\n\n\n\n<p>300 grs de agua<br>515 grs de harina de pan moreno<br>1 cucharada sopera de lecitina de soja <\/p>\n\n\n\n<p>El pan mallorqu\u00edn es sin sal . <\/p>\n\n\n\n<p><u>Nota importante: si alguna la hac\u00e9is con la harina del grano molido en casa, a\u00f1adir 10 gramos de gluten, pues la comprada est\u00e1 un poco mezclada y supongo que ya se lo ponen<\/u> <\/p>\n\n\n\n<p><u>Elaboraci\u00f3n:<\/u><\/p>\n\n\n\n<p><u>Con <a title=\"Venta de Thermomix en Mallorca\" href=\"http:\/\/http:\/\/www.thermomix-mallorca.com\/\">Thermomix<\/a>:<\/u><\/p>\n\n\n\n<p>Poner el agua y calentar 1 minuto a 37\u00ba<\/p>\n\n\n\n<p>A\u00f1adir la lecitina de soja y mezclar unos segundos Velocidad 5<\/p>\n\n\n\n<p>Agregar la mitad de la harina y mezclar un poco Velocidad 5 y a\u00f1adir el resto de harina<\/p>\n\n\n\n<p>Mezclar de nuevo unos segundos y amasar 2 minutos, Velocidad Espiga<\/p>\n\n\n\n<p>Agregar la masa madre o esponja<\/p>\n\n\n\n<p>Y amasar de nuevo 4 minutos Velocidad Espiga<\/p>\n\n\n\n<p>Sacarlo, darle forma redonda y dejarlo levar hasta que le salgan grietas.<\/p>\n\n\n\n<p><u>En amasadora:<\/u><\/p>\n\n\n\n<p>Poner el agua a entibiar y echarla en el bol de la amasadora.<br>A\u00f1adir la lecitina y remover.<br>Agregar la mitad de la harina y mezclar un poco, a\u00f1adir el resto de harina y amasar 3 minutos y medio.<br>Agregar el fermento y amasar de nuevo 6 minutos.<br>Hacer una bola y dejar levar<\/p>\n\n\n\n<p>Cuando ya tenemos la masa lista, sacarla encima de una mesa enharinada, desgasificarla y volver a darle forma.<\/p>\n\n\n\n<p>Dejar de nuevo ya en la bandeja donde lo vamos a hornear que vuelva a doblar el tama\u00f1o.<\/p>\n\n\n\n<figure class=\"wp-block-image\"><img decoding=\"async\" src=\"https:\/\/migranitodesal.com\/wp-content\/uploads\/2008\/04\/PanMoreno_Crudo.jpg\" alt=\"PanMoreno_Crudo\"\/><\/figure>\n\n\n\n<p>Espolvorear de harina y meter al horno precalentado a 240\u00ba, bajarlo a 230\u00ba al meterlo,&nbsp; a los 5 minutos bajarle la temperatura a 200\u00ba unos 35 minutos y despu\u00e9s 5 minutos m\u00e1s a 240\u00ba<\/p>\n\n\n\n<p>Meter un vasito con agua dentro del horno.<\/p>\n\n\n\n<figure class=\"wp-block-image\"><img decoding=\"async\" src=\"https:\/\/migranitodesal.com\/wp-content\/uploads\/2008\/04\/PanMoreno_Cocido.jpg\" alt=\"PanMoreno_Cocido\"\/><\/figure>\n\n\n\n<p>Que aproveche!!!!!!!<\/p>\n\n\n\n<p><font color=\"#00ff00\">Si te ha gustado este reportaje, por favor deja tu comentario. Gracias.<\/font><\/p>\n","protected":false},"excerpt":{"rendered":"<p>Este reportaje lo he elaborado a partir del grano de trigo, espero que os sea de utilidad, quiz\u00e1s lo encontr\u00e9is un poco largo, pero como s\u00e9 que no siempre es f\u00e1cil encontrar la harina para este pan os he querido poner la forma de hacerla.Antes aqu\u00ed en Mallorca este era el \u00fanico pan que se com\u00eda, despu\u00e9s se empez\u00f3 a hacer con harina blanca y hoy en d\u00eda se comercializa cualquier pan. En las casas este era el que se hac\u00eda, porque adem\u00e1s duraba bastantes d\u00edas sin ponerse duro. Esta receta no est\u00e1 sacada de ning\u00fan libro, han sido mis experimentos lo que me han llevado a conseguirla. Os aseguro que no le tiene envidia a ning\u00fan pan comprado ( tambi\u00e9n hay que decir que no tengo abuelas) jajajaja. Empezaremos por el grano El grano molido con la Thermomix31 (trabajo con esta porque es la que tengo) Y pensar\u00e9is que aqu\u00ed se mezcla c\u00e1scara y harina, pues se cierne con un cedazo fino y se separa la c\u00e1scara de la harina Ingredientes: Fermento: 60 grs de harina60 grs de agua7 grs de levadura seca de panader\u00eda1 cucharadita de malta de arroz (melaza) O bien: 120 grs de masa madre de Erik Kayser Ingredientes pan: 300 grs de agua515 grs de harina de pan moreno1 cucharada sopera de lecitina de soja El pan mallorqu\u00edn es sin sal . Nota importante: si alguna la hac\u00e9is con la harina del grano molido en casa, a\u00f1adir 10 gramos de gluten, pues la comprada est\u00e1 un poco mezclada y supongo que ya se lo ponen Elaboraci\u00f3n: Con Thermomix: Poner el agua y calentar 1 minuto a 37\u00ba A\u00f1adir la lecitina de soja y mezclar unos segundos Velocidad 5 Agregar la mitad de la harina y mezclar un poco Velocidad 5 y a\u00f1adir el resto de harina Mezclar de nuevo unos segundos y amasar 2 minutos, Velocidad Espiga Agregar la masa madre o esponja Y amasar de nuevo 4 minutos Velocidad Espiga Sacarlo, darle forma redonda y dejarlo levar hasta que le salgan grietas. En amasadora: Poner el agua a entibiar y echarla en el bol de la amasadora.A\u00f1adir la lecitina y remover.Agregar la mitad de la harina y mezclar un poco, a\u00f1adir el resto de harina y amasar 3 minutos y medio.Agregar el fermento y amasar de nuevo 6 minutos.Hacer una bola y dejar levar Cuando ya tenemos la masa lista, sacarla encima de una mesa enharinada, desgasificarla y volver a darle forma. Dejar de nuevo ya en la bandeja donde lo vamos a hornear que vuelva a doblar el tama\u00f1o. Espolvorear de harina y meter al horno precalentado a 240\u00ba, bajarlo a 230\u00ba al meterlo,&nbsp; a los 5 minutos bajarle la temperatura a 200\u00ba unos 35 minutos y despu\u00e9s 5 minutos m\u00e1s a 240\u00ba Meter un vasito con agua dentro del horno. Que aproveche!!!!!!! Si te ha gustado este reportaje, por favor deja tu comentario. Gracias.<\/p>\n","protected":false},"author":1,"featured_media":1915,"comment_status":"open","ping_status":"open","sticky":false,"template":"","format":"standard","meta":{"footnotes":""},"categories":[11,17],"tags":[],"acf":[],"yoast_head":"<!-- This site is optimized with the Yoast SEO plugin v22.6 - https:\/\/yoast.com\/wordpress\/plugins\/seo\/ -->\n<title>Pan moreno mallorqu&iacute;n - Mi granito de sal.<\/title>\n<meta name=\"robots\" content=\"index, follow, max-snippet:-1, max-image-preview:large, max-video-preview:-1\" \/>\n<link rel=\"canonical\" href=\"https:\/\/migranitodesal.com\/?p=320\" \/>\n<meta property=\"og:locale\" content=\"es_ES\" \/>\n<meta property=\"og:type\" content=\"article\" \/>\n<meta property=\"og:title\" content=\"Pan moreno mallorqu&iacute;n - Mi granito de sal.\" \/>\n<meta property=\"og:description\" content=\"Este reportaje lo he elaborado a partir del grano de trigo, espero que os sea de utilidad, quiz\u00e1s lo encontr\u00e9is un poco largo, pero como s\u00e9 que no siempre es f\u00e1cil encontrar la harina para este pan os he querido poner la forma de hacerla.Antes aqu\u00ed en Mallorca este era el \u00fanico pan que se com\u00eda, despu\u00e9s se empez\u00f3 a hacer con harina blanca y hoy en d\u00eda se comercializa cualquier pan. En las casas este era el que se hac\u00eda, porque adem\u00e1s duraba bastantes d\u00edas sin ponerse duro. Esta receta no est\u00e1 sacada de ning\u00fan libro, han sido mis experimentos lo que me han llevado a conseguirla. Os aseguro que no le tiene envidia a ning\u00fan pan comprado ( tambi\u00e9n hay que decir que no tengo abuelas) jajajaja. Empezaremos por el grano El grano molido con la Thermomix31 (trabajo con esta porque es la que tengo) Y pensar\u00e9is que aqu\u00ed se mezcla c\u00e1scara y harina, pues se cierne con un cedazo fino y se separa la c\u00e1scara de la harina Ingredientes: Fermento: 60 grs de harina60 grs de agua7 grs de levadura seca de panader\u00eda1 cucharadita de malta de arroz (melaza) O bien: 120 grs de masa madre de Erik Kayser Ingredientes pan: 300 grs de agua515 grs de harina de pan moreno1 cucharada sopera de lecitina de soja El pan mallorqu\u00edn es sin sal . Nota importante: si alguna la hac\u00e9is con la harina del grano molido en casa, a\u00f1adir 10 gramos de gluten, pues la comprada est\u00e1 un poco mezclada y supongo que ya se lo ponen Elaboraci\u00f3n: Con Thermomix: Poner el agua y calentar 1 minuto a 37\u00ba A\u00f1adir la lecitina de soja y mezclar unos segundos Velocidad 5 Agregar la mitad de la harina y mezclar un poco Velocidad 5 y a\u00f1adir el resto de harina Mezclar de nuevo unos segundos y amasar 2 minutos, Velocidad Espiga Agregar la masa madre o esponja Y amasar de nuevo 4 minutos Velocidad Espiga Sacarlo, darle forma redonda y dejarlo levar hasta que le salgan grietas. En amasadora: Poner el agua a entibiar y echarla en el bol de la amasadora.A\u00f1adir la lecitina y remover.Agregar la mitad de la harina y mezclar un poco, a\u00f1adir el resto de harina y amasar 3 minutos y medio.Agregar el fermento y amasar de nuevo 6 minutos.Hacer una bola y dejar levar Cuando ya tenemos la masa lista, sacarla encima de una mesa enharinada, desgasificarla y volver a darle forma. Dejar de nuevo ya en la bandeja donde lo vamos a hornear que vuelva a doblar el tama\u00f1o. Espolvorear de harina y meter al horno precalentado a 240\u00ba, bajarlo a 230\u00ba al meterlo,&nbsp; a los 5 minutos bajarle la temperatura a 200\u00ba unos 35 minutos y despu\u00e9s 5 minutos m\u00e1s a 240\u00ba Meter un vasito con agua dentro del horno. Que aproveche!!!!!!! Si te ha gustado este reportaje, por favor deja tu comentario. Gracias.\" \/>\n<meta property=\"og:url\" content=\"https:\/\/migranitodesal.com\/?p=320\" \/>\n<meta property=\"og:site_name\" content=\"Mi granito de sal.\" \/>\n<meta property=\"article:published_time\" content=\"2008-04-03T08:07:36+00:00\" \/>\n<meta property=\"article:modified_time\" content=\"2024-02-11T20:06:45+00:00\" \/>\n<meta property=\"og:image\" content=\"https:\/\/migranitodesal.com\/wp-content\/uploads\/2024\/02\/PanMoreno_Cortado.jpg\" \/>\n\t<meta property=\"og:image:width\" content=\"500\" \/>\n\t<meta property=\"og:image:height\" content=\"375\" \/>\n\t<meta property=\"og:image:type\" content=\"image\/jpeg\" \/>\n<meta name=\"author\" content=\"maripepa\" \/>\n<meta name=\"twitter:card\" content=\"summary_large_image\" \/>\n<meta name=\"twitter:label1\" content=\"Escrito por\" \/>\n\t<meta name=\"twitter:data1\" content=\"maripepa\" \/>\n\t<meta name=\"twitter:label2\" content=\"Tiempo de lectura\" \/>\n\t<meta name=\"twitter:data2\" content=\"2 minutos\" \/>\n<script type=\"application\/ld+json\" class=\"yoast-schema-graph\">{\"@context\":\"https:\/\/schema.org\",\"@graph\":[{\"@type\":\"Article\",\"@id\":\"https:\/\/migranitodesal.com\/?p=320#article\",\"isPartOf\":{\"@id\":\"https:\/\/migranitodesal.com\/?p=320\"},\"author\":{\"name\":\"maripepa\",\"@id\":\"https:\/\/migranitodesal.com\/#\/schema\/person\/2674140d5dd1b720f9b1e6d01e66dd12\"},\"headline\":\"Pan moreno mallorqu&iacute;n\",\"datePublished\":\"2008-04-03T08:07:36+00:00\",\"dateModified\":\"2024-02-11T20:06:45+00:00\",\"mainEntityOfPage\":{\"@id\":\"https:\/\/migranitodesal.com\/?p=320\"},\"wordCount\":499,\"commentCount\":35,\"publisher\":{\"@id\":\"https:\/\/migranitodesal.com\/#\/schema\/person\/2674140d5dd1b720f9b1e6d01e66dd12\"},\"image\":{\"@id\":\"https:\/\/migranitodesal.com\/?p=320#primaryimage\"},\"thumbnailUrl\":\"https:\/\/migranitodesal.com\/wp-content\/uploads\/2024\/02\/PanMoreno_Cortado.jpg\",\"articleSection\":[\"Cocina Mallorca\",\"Panes\"],\"inLanguage\":\"es\",\"potentialAction\":[{\"@type\":\"CommentAction\",\"name\":\"Comment\",\"target\":[\"https:\/\/migranitodesal.com\/?p=320#respond\"]}]},{\"@type\":\"WebPage\",\"@id\":\"https:\/\/migranitodesal.com\/?p=320\",\"url\":\"https:\/\/migranitodesal.com\/?p=320\",\"name\":\"Pan moreno mallorqu&iacute;n - Mi granito de sal.\",\"isPartOf\":{\"@id\":\"https:\/\/migranitodesal.com\/#website\"},\"primaryImageOfPage\":{\"@id\":\"https:\/\/migranitodesal.com\/?p=320#primaryimage\"},\"image\":{\"@id\":\"https:\/\/migranitodesal.com\/?p=320#primaryimage\"},\"thumbnailUrl\":\"https:\/\/migranitodesal.com\/wp-content\/uploads\/2024\/02\/PanMoreno_Cortado.jpg\",\"datePublished\":\"2008-04-03T08:07:36+00:00\",\"dateModified\":\"2024-02-11T20:06:45+00:00\",\"breadcrumb\":{\"@id\":\"https:\/\/migranitodesal.com\/?p=320#breadcrumb\"},\"inLanguage\":\"es\",\"potentialAction\":[{\"@type\":\"ReadAction\",\"target\":[\"https:\/\/migranitodesal.com\/?p=320\"]}]},{\"@type\":\"ImageObject\",\"inLanguage\":\"es\",\"@id\":\"https:\/\/migranitodesal.com\/?p=320#primaryimage\",\"url\":\"https:\/\/migranitodesal.com\/wp-content\/uploads\/2024\/02\/PanMoreno_Cortado.jpg\",\"contentUrl\":\"https:\/\/migranitodesal.com\/wp-content\/uploads\/2024\/02\/PanMoreno_Cortado.jpg\",\"width\":500,\"height\":375},{\"@type\":\"BreadcrumbList\",\"@id\":\"https:\/\/migranitodesal.com\/?p=320#breadcrumb\",\"itemListElement\":[{\"@type\":\"ListItem\",\"position\":1,\"name\":\"Portada\",\"item\":\"https:\/\/migranitodesal.com\/\"},{\"@type\":\"ListItem\",\"position\":2,\"name\":\"Pan moreno mallorqu&iacute;n\"}]},{\"@type\":\"WebSite\",\"@id\":\"https:\/\/migranitodesal.com\/#website\",\"url\":\"https:\/\/migranitodesal.com\/\",\"name\":\"Mi granito de sal.\",\"description\":\"Aqu\u00ed est\u00e1 lo que a lo largo del tiempo he ido aprendiendo\",\"publisher\":{\"@id\":\"https:\/\/migranitodesal.com\/#\/schema\/person\/2674140d5dd1b720f9b1e6d01e66dd12\"},\"potentialAction\":[{\"@type\":\"SearchAction\",\"target\":{\"@type\":\"EntryPoint\",\"urlTemplate\":\"https:\/\/migranitodesal.com\/?s={search_term_string}\"},\"query-input\":\"required name=search_term_string\"}],\"inLanguage\":\"es\"},{\"@type\":[\"Person\",\"Organization\"],\"@id\":\"https:\/\/migranitodesal.com\/#\/schema\/person\/2674140d5dd1b720f9b1e6d01e66dd12\",\"name\":\"maripepa\",\"image\":{\"@type\":\"ImageObject\",\"inLanguage\":\"es\",\"@id\":\"https:\/\/migranitodesal.com\/#\/schema\/person\/image\/\",\"url\":\"https:\/\/secure.gravatar.com\/avatar\/2a325d07cd3c812fab8706d3b75aa541?s=96&d=mm&r=g\",\"contentUrl\":\"https:\/\/secure.gravatar.com\/avatar\/2a325d07cd3c812fab8706d3b75aa541?s=96&d=mm&r=g\",\"caption\":\"maripepa\"},\"logo\":{\"@id\":\"https:\/\/migranitodesal.com\/#\/schema\/person\/image\/\"},\"sameAs\":[\"http:\/\/www.migranitodesal.com\"],\"url\":\"https:\/\/migranitodesal.com\/?author=1\"}]}<\/script>\n<!-- \/ Yoast SEO plugin. -->","yoast_head_json":{"title":"Pan moreno mallorqu&iacute;n - Mi granito de sal.","robots":{"index":"index","follow":"follow","max-snippet":"max-snippet:-1","max-image-preview":"max-image-preview:large","max-video-preview":"max-video-preview:-1"},"canonical":"https:\/\/migranitodesal.com\/?p=320","og_locale":"es_ES","og_type":"article","og_title":"Pan moreno mallorqu&iacute;n - Mi granito de sal.","og_description":"Este reportaje lo he elaborado a partir del grano de trigo, espero que os sea de utilidad, quiz\u00e1s lo encontr\u00e9is un poco largo, pero como s\u00e9 que no siempre es f\u00e1cil encontrar la harina para este pan os he querido poner la forma de hacerla.Antes aqu\u00ed en Mallorca este era el \u00fanico pan que se com\u00eda, despu\u00e9s se empez\u00f3 a hacer con harina blanca y hoy en d\u00eda se comercializa cualquier pan. En las casas este era el que se hac\u00eda, porque adem\u00e1s duraba bastantes d\u00edas sin ponerse duro. Esta receta no est\u00e1 sacada de ning\u00fan libro, han sido mis experimentos lo que me han llevado a conseguirla. Os aseguro que no le tiene envidia a ning\u00fan pan comprado ( tambi\u00e9n hay que decir que no tengo abuelas) jajajaja. Empezaremos por el grano El grano molido con la Thermomix31 (trabajo con esta porque es la que tengo) Y pensar\u00e9is que aqu\u00ed se mezcla c\u00e1scara y harina, pues se cierne con un cedazo fino y se separa la c\u00e1scara de la harina Ingredientes: Fermento: 60 grs de harina60 grs de agua7 grs de levadura seca de panader\u00eda1 cucharadita de malta de arroz (melaza) O bien: 120 grs de masa madre de Erik Kayser Ingredientes pan: 300 grs de agua515 grs de harina de pan moreno1 cucharada sopera de lecitina de soja El pan mallorqu\u00edn es sin sal . Nota importante: si alguna la hac\u00e9is con la harina del grano molido en casa, a\u00f1adir 10 gramos de gluten, pues la comprada est\u00e1 un poco mezclada y supongo que ya se lo ponen Elaboraci\u00f3n: Con Thermomix: Poner el agua y calentar 1 minuto a 37\u00ba A\u00f1adir la lecitina de soja y mezclar unos segundos Velocidad 5 Agregar la mitad de la harina y mezclar un poco Velocidad 5 y a\u00f1adir el resto de harina Mezclar de nuevo unos segundos y amasar 2 minutos, Velocidad Espiga Agregar la masa madre o esponja Y amasar de nuevo 4 minutos Velocidad Espiga Sacarlo, darle forma redonda y dejarlo levar hasta que le salgan grietas. En amasadora: Poner el agua a entibiar y echarla en el bol de la amasadora.A\u00f1adir la lecitina y remover.Agregar la mitad de la harina y mezclar un poco, a\u00f1adir el resto de harina y amasar 3 minutos y medio.Agregar el fermento y amasar de nuevo 6 minutos.Hacer una bola y dejar levar Cuando ya tenemos la masa lista, sacarla encima de una mesa enharinada, desgasificarla y volver a darle forma. Dejar de nuevo ya en la bandeja donde lo vamos a hornear que vuelva a doblar el tama\u00f1o. Espolvorear de harina y meter al horno precalentado a 240\u00ba, bajarlo a 230\u00ba al meterlo,&nbsp; a los 5 minutos bajarle la temperatura a 200\u00ba unos 35 minutos y despu\u00e9s 5 minutos m\u00e1s a 240\u00ba Meter un vasito con agua dentro del horno. Que aproveche!!!!!!! Si te ha gustado este reportaje, por favor deja tu comentario. Gracias.","og_url":"https:\/\/migranitodesal.com\/?p=320","og_site_name":"Mi granito de sal.","article_published_time":"2008-04-03T08:07:36+00:00","article_modified_time":"2024-02-11T20:06:45+00:00","og_image":[{"width":500,"height":375,"url":"https:\/\/migranitodesal.com\/wp-content\/uploads\/2024\/02\/PanMoreno_Cortado.jpg","type":"image\/jpeg"}],"author":"maripepa","twitter_card":"summary_large_image","twitter_misc":{"Escrito por":"maripepa","Tiempo de lectura":"2 minutos"},"schema":{"@context":"https:\/\/schema.org","@graph":[{"@type":"Article","@id":"https:\/\/migranitodesal.com\/?p=320#article","isPartOf":{"@id":"https:\/\/migranitodesal.com\/?p=320"},"author":{"name":"maripepa","@id":"https:\/\/migranitodesal.com\/#\/schema\/person\/2674140d5dd1b720f9b1e6d01e66dd12"},"headline":"Pan moreno mallorqu&iacute;n","datePublished":"2008-04-03T08:07:36+00:00","dateModified":"2024-02-11T20:06:45+00:00","mainEntityOfPage":{"@id":"https:\/\/migranitodesal.com\/?p=320"},"wordCount":499,"commentCount":35,"publisher":{"@id":"https:\/\/migranitodesal.com\/#\/schema\/person\/2674140d5dd1b720f9b1e6d01e66dd12"},"image":{"@id":"https:\/\/migranitodesal.com\/?p=320#primaryimage"},"thumbnailUrl":"https:\/\/migranitodesal.com\/wp-content\/uploads\/2024\/02\/PanMoreno_Cortado.jpg","articleSection":["Cocina Mallorca","Panes"],"inLanguage":"es","potentialAction":[{"@type":"CommentAction","name":"Comment","target":["https:\/\/migranitodesal.com\/?p=320#respond"]}]},{"@type":"WebPage","@id":"https:\/\/migranitodesal.com\/?p=320","url":"https:\/\/migranitodesal.com\/?p=320","name":"Pan moreno mallorqu&iacute;n - Mi granito de sal.","isPartOf":{"@id":"https:\/\/migranitodesal.com\/#website"},"primaryImageOfPage":{"@id":"https:\/\/migranitodesal.com\/?p=320#primaryimage"},"image":{"@id":"https:\/\/migranitodesal.com\/?p=320#primaryimage"},"thumbnailUrl":"https:\/\/migranitodesal.com\/wp-content\/uploads\/2024\/02\/PanMoreno_Cortado.jpg","datePublished":"2008-04-03T08:07:36+00:00","dateModified":"2024-02-11T20:06:45+00:00","breadcrumb":{"@id":"https:\/\/migranitodesal.com\/?p=320#breadcrumb"},"inLanguage":"es","potentialAction":[{"@type":"ReadAction","target":["https:\/\/migranitodesal.com\/?p=320"]}]},{"@type":"ImageObject","inLanguage":"es","@id":"https:\/\/migranitodesal.com\/?p=320#primaryimage","url":"https:\/\/migranitodesal.com\/wp-content\/uploads\/2024\/02\/PanMoreno_Cortado.jpg","contentUrl":"https:\/\/migranitodesal.com\/wp-content\/uploads\/2024\/02\/PanMoreno_Cortado.jpg","width":500,"height":375},{"@type":"BreadcrumbList","@id":"https:\/\/migranitodesal.com\/?p=320#breadcrumb","itemListElement":[{"@type":"ListItem","position":1,"name":"Portada","item":"https:\/\/migranitodesal.com\/"},{"@type":"ListItem","position":2,"name":"Pan moreno mallorqu&iacute;n"}]},{"@type":"WebSite","@id":"https:\/\/migranitodesal.com\/#website","url":"https:\/\/migranitodesal.com\/","name":"Mi granito de sal.","description":"Aqu\u00ed est\u00e1 lo que a lo largo del tiempo he ido aprendiendo","publisher":{"@id":"https:\/\/migranitodesal.com\/#\/schema\/person\/2674140d5dd1b720f9b1e6d01e66dd12"},"potentialAction":[{"@type":"SearchAction","target":{"@type":"EntryPoint","urlTemplate":"https:\/\/migranitodesal.com\/?s={search_term_string}"},"query-input":"required name=search_term_string"}],"inLanguage":"es"},{"@type":["Person","Organization"],"@id":"https:\/\/migranitodesal.com\/#\/schema\/person\/2674140d5dd1b720f9b1e6d01e66dd12","name":"maripepa","image":{"@type":"ImageObject","inLanguage":"es","@id":"https:\/\/migranitodesal.com\/#\/schema\/person\/image\/","url":"https:\/\/secure.gravatar.com\/avatar\/2a325d07cd3c812fab8706d3b75aa541?s=96&d=mm&r=g","contentUrl":"https:\/\/secure.gravatar.com\/avatar\/2a325d07cd3c812fab8706d3b75aa541?s=96&d=mm&r=g","caption":"maripepa"},"logo":{"@id":"https:\/\/migranitodesal.com\/#\/schema\/person\/image\/"},"sameAs":["http:\/\/www.migranitodesal.com"],"url":"https:\/\/migranitodesal.com\/?author=1"}]}},"_links":{"self":[{"href":"https:\/\/migranitodesal.com\/index.php?rest_route=\/wp\/v2\/posts\/320"}],"collection":[{"href":"https:\/\/migranitodesal.com\/index.php?rest_route=\/wp\/v2\/posts"}],"about":[{"href":"https:\/\/migranitodesal.com\/index.php?rest_route=\/wp\/v2\/types\/post"}],"author":[{"embeddable":true,"href":"https:\/\/migranitodesal.com\/index.php?rest_route=\/wp\/v2\/users\/1"}],"replies":[{"embeddable":true,"href":"https:\/\/migranitodesal.com\/index.php?rest_route=%2Fwp%2Fv2%2Fcomments&post=320"}],"version-history":[{"count":2,"href":"https:\/\/migranitodesal.com\/index.php?rest_route=\/wp\/v2\/posts\/320\/revisions"}],"predecessor-version":[{"id":1943,"href":"https:\/\/migranitodesal.com\/index.php?rest_route=\/wp\/v2\/posts\/320\/revisions\/1943"}],"wp:featuredmedia":[{"embeddable":true,"href":"https:\/\/migranitodesal.com\/index.php?rest_route=\/wp\/v2\/media\/1915"}],"wp:attachment":[{"href":"https:\/\/migranitodesal.com\/index.php?rest_route=%2Fwp%2Fv2%2Fmedia&parent=320"}],"wp:term":[{"taxonomy":"category","embeddable":true,"href":"https:\/\/migranitodesal.com\/index.php?rest_route=%2Fwp%2Fv2%2Fcategories&post=320"},{"taxonomy":"post_tag","embeddable":true,"href":"https:\/\/migranitodesal.com\/index.php?rest_route=%2Fwp%2Fv2%2Ftags&post=320"}],"curies":[{"name":"wp","href":"https:\/\/api.w.org\/{rel}","templated":true}]}}