{"id":340,"date":"2008-04-28T09:15:14","date_gmt":"2008-04-28T14:15:14","guid":{"rendered":"http:\/\/migranitodesal.com\/?p=340"},"modified":"2024-02-11T20:50:37","modified_gmt":"2024-02-11T19:50:37","slug":"macarrones-integrales-con-pimientos-de-piquillo","status":"publish","type":"post","link":"https:\/\/migranitodesal.com\/?p=340","title":{"rendered":"Macarrones integrales con pimientos de piquillo"},"content":{"rendered":"\n<p>Hoy os traigo algo sencillo y f\u00e1cil, pero que para un apuro r\u00e1pido sale bastante rico.<br>Como estoy a r\u00e9gimen y no tengo paciencia para seguir las comidas como toca, las voy adaptando a mis gustos y a lo que tengo en casa y como el otro d\u00eda tocaba pasta integral, me puse a hacer esta receta, las cantidades son solo para una persona.  <\/p>\n\n\n\n<p>Ingredientes:<\/p>\n\n\n\n<p>60 grs de macarrones integrales<br>2 pimientos de piquillo<br>1 diente de ajo, una puntita de piment\u00f3n de la Vera<br>8 o 10 aceitunas negras sin hueso<br>1 cucharada de alcaparras<br>\u00bd arenque desmigado crudo<br>1 cucharada sopera de aceite de oliva<\/p>\n\n\n\n<p>Elaboraci\u00f3n:<\/p>\n\n\n\n<p>Muy f\u00e1cil, cocer los macarrones y reservar<br>En una sart\u00e9n poner el aceite, sofre\u00edr el diente de ajo, despu\u00e9s los pimientos de piquillo a tiritas y confitar un poco y agregar las aceitunas cortadas, el arenque desmigado y las alcaparras picadas, a\u00f1adir una puntita de piment\u00f3n de la Vera y echar los macarrones, darles unas vueltas para que se calienten y servir enseguida.<\/p>\n\n\n\n<p>Que aproveche!!!!<\/p>\n","protected":false},"excerpt":{"rendered":"<p>Hoy os traigo algo sencillo y f\u00e1cil, pero que para un apuro r\u00e1pido sale bastante rico.Como estoy a r\u00e9gimen y no tengo paciencia para seguir las comidas como toca, las voy adaptando a mis gustos y a lo que tengo en casa y como el otro d\u00eda tocaba pasta integral, me puse a hacer esta receta, las cantidades son solo para una persona. Ingredientes: 60 grs de macarrones integrales2 pimientos de piquillo1 diente de ajo, una puntita de piment\u00f3n de la Vera8 o 10 aceitunas negras sin hueso1 cucharada de alcaparras\u00bd arenque desmigado crudo1 cucharada sopera de aceite de oliva Elaboraci\u00f3n: Muy f\u00e1cil, cocer los macarrones y reservarEn una sart\u00e9n poner el aceite, sofre\u00edr el diente de ajo, despu\u00e9s los pimientos de piquillo a tiritas y confitar un poco y agregar las aceitunas cortadas, el arenque desmigado y las alcaparras picadas, a\u00f1adir una puntita de piment\u00f3n de la Vera y echar los macarrones, darles unas vueltas para que se calienten y servir enseguida. Que aproveche!!!!<\/p>\n","protected":false},"author":1,"featured_media":1900,"comment_status":"open","ping_status":"open","sticky":false,"template":"","format":"standard","meta":{"footnotes":""},"categories":[2],"tags":[],"acf":[],"yoast_head":"<!-- This site is optimized with the Yoast SEO plugin v22.6 - https:\/\/yoast.com\/wordpress\/plugins\/seo\/ -->\n<title>Macarrones integrales con pimientos de piquillo - Mi granito de sal.<\/title>\n<meta name=\"robots\" content=\"index, follow, max-snippet:-1, max-image-preview:large, max-video-preview:-1\" \/>\n<link rel=\"canonical\" href=\"https:\/\/migranitodesal.com\/?p=340\" \/>\n<meta property=\"og:locale\" content=\"es_ES\" \/>\n<meta property=\"og:type\" content=\"article\" \/>\n<meta property=\"og:title\" content=\"Macarrones integrales con pimientos de piquillo - Mi granito de sal.\" \/>\n<meta property=\"og:description\" content=\"Hoy os traigo algo sencillo y f\u00e1cil, pero que para un apuro r\u00e1pido sale bastante rico.Como estoy a r\u00e9gimen y no tengo paciencia para seguir las comidas como toca, las voy adaptando a mis gustos y a lo que tengo en casa y como el otro d\u00eda tocaba pasta integral, me puse a hacer esta receta, las cantidades son solo para una persona. Ingredientes: 60 grs de macarrones integrales2 pimientos de piquillo1 diente de ajo, una puntita de piment\u00f3n de la Vera8 o 10 aceitunas negras sin hueso1 cucharada de alcaparras\u00bd arenque desmigado crudo1 cucharada sopera de aceite de oliva Elaboraci\u00f3n: Muy f\u00e1cil, cocer los macarrones y reservarEn una sart\u00e9n poner el aceite, sofre\u00edr el diente de ajo, despu\u00e9s los pimientos de piquillo a tiritas y confitar un poco y agregar las aceitunas cortadas, el arenque desmigado y las alcaparras picadas, a\u00f1adir una puntita de piment\u00f3n de la Vera y echar los macarrones, darles unas vueltas para que se calienten y servir enseguida. Que aproveche!!!!\" \/>\n<meta property=\"og:url\" content=\"https:\/\/migranitodesal.com\/?p=340\" \/>\n<meta property=\"og:site_name\" content=\"Mi granito de sal.\" \/>\n<meta property=\"article:published_time\" content=\"2008-04-28T14:15:14+00:00\" \/>\n<meta property=\"article:modified_time\" content=\"2024-02-11T19:50:37+00:00\" \/>\n<meta property=\"og:image\" content=\"https:\/\/migranitodesal.com\/wp-content\/uploads\/2024\/02\/Macrr_Integr_Pim_Piquillo.jpg\" \/>\n\t<meta property=\"og:image:width\" content=\"500\" \/>\n\t<meta property=\"og:image:height\" content=\"375\" \/>\n\t<meta property=\"og:image:type\" content=\"image\/jpeg\" \/>\n<meta name=\"author\" content=\"maripepa\" \/>\n<meta name=\"twitter:card\" content=\"summary_large_image\" \/>\n<meta name=\"twitter:label1\" content=\"Escrito por\" \/>\n\t<meta name=\"twitter:data1\" content=\"maripepa\" \/>\n\t<meta name=\"twitter:label2\" content=\"Tiempo de lectura\" \/>\n\t<meta name=\"twitter:data2\" content=\"1 minuto\" \/>\n<script type=\"application\/ld+json\" class=\"yoast-schema-graph\">{\"@context\":\"https:\/\/schema.org\",\"@graph\":[{\"@type\":\"Article\",\"@id\":\"https:\/\/migranitodesal.com\/?p=340#article\",\"isPartOf\":{\"@id\":\"https:\/\/migranitodesal.com\/?p=340\"},\"author\":{\"name\":\"maripepa\",\"@id\":\"https:\/\/migranitodesal.com\/#\/schema\/person\/2674140d5dd1b720f9b1e6d01e66dd12\"},\"headline\":\"Macarrones integrales con pimientos de piquillo\",\"datePublished\":\"2008-04-28T14:15:14+00:00\",\"dateModified\":\"2024-02-11T19:50:37+00:00\",\"mainEntityOfPage\":{\"@id\":\"https:\/\/migranitodesal.com\/?p=340\"},\"wordCount\":182,\"commentCount\":3,\"publisher\":{\"@id\":\"https:\/\/migranitodesal.com\/#\/schema\/person\/2674140d5dd1b720f9b1e6d01e66dd12\"},\"image\":{\"@id\":\"https:\/\/migranitodesal.com\/?p=340#primaryimage\"},\"thumbnailUrl\":\"https:\/\/migranitodesal.com\/wp-content\/uploads\/2024\/02\/Macrr_Integr_Pim_Piquillo.jpg\",\"articleSection\":[\"Plato \u00fanico\"],\"inLanguage\":\"es\",\"potentialAction\":[{\"@type\":\"CommentAction\",\"name\":\"Comment\",\"target\":[\"https:\/\/migranitodesal.com\/?p=340#respond\"]}]},{\"@type\":\"WebPage\",\"@id\":\"https:\/\/migranitodesal.com\/?p=340\",\"url\":\"https:\/\/migranitodesal.com\/?p=340\",\"name\":\"Macarrones integrales con pimientos de piquillo - Mi granito de sal.\",\"isPartOf\":{\"@id\":\"https:\/\/migranitodesal.com\/#website\"},\"primaryImageOfPage\":{\"@id\":\"https:\/\/migranitodesal.com\/?p=340#primaryimage\"},\"image\":{\"@id\":\"https:\/\/migranitodesal.com\/?p=340#primaryimage\"},\"thumbnailUrl\":\"https:\/\/migranitodesal.com\/wp-content\/uploads\/2024\/02\/Macrr_Integr_Pim_Piquillo.jpg\",\"datePublished\":\"2008-04-28T14:15:14+00:00\",\"dateModified\":\"2024-02-11T19:50:37+00:00\",\"breadcrumb\":{\"@id\":\"https:\/\/migranitodesal.com\/?p=340#breadcrumb\"},\"inLanguage\":\"es\",\"potentialAction\":[{\"@type\":\"ReadAction\",\"target\":[\"https:\/\/migranitodesal.com\/?p=340\"]}]},{\"@type\":\"ImageObject\",\"inLanguage\":\"es\",\"@id\":\"https:\/\/migranitodesal.com\/?p=340#primaryimage\",\"url\":\"https:\/\/migranitodesal.com\/wp-content\/uploads\/2024\/02\/Macrr_Integr_Pim_Piquillo.jpg\",\"contentUrl\":\"https:\/\/migranitodesal.com\/wp-content\/uploads\/2024\/02\/Macrr_Integr_Pim_Piquillo.jpg\",\"width\":500,\"height\":375},{\"@type\":\"BreadcrumbList\",\"@id\":\"https:\/\/migranitodesal.com\/?p=340#breadcrumb\",\"itemListElement\":[{\"@type\":\"ListItem\",\"position\":1,\"name\":\"Portada\",\"item\":\"https:\/\/migranitodesal.com\/\"},{\"@type\":\"ListItem\",\"position\":2,\"name\":\"Macarrones integrales con pimientos de piquillo\"}]},{\"@type\":\"WebSite\",\"@id\":\"https:\/\/migranitodesal.com\/#website\",\"url\":\"https:\/\/migranitodesal.com\/\",\"name\":\"Mi granito de sal.\",\"description\":\"Aqu\u00ed est\u00e1 lo que a lo largo del tiempo he ido aprendiendo\",\"publisher\":{\"@id\":\"https:\/\/migranitodesal.com\/#\/schema\/person\/2674140d5dd1b720f9b1e6d01e66dd12\"},\"potentialAction\":[{\"@type\":\"SearchAction\",\"target\":{\"@type\":\"EntryPoint\",\"urlTemplate\":\"https:\/\/migranitodesal.com\/?s={search_term_string}\"},\"query-input\":\"required name=search_term_string\"}],\"inLanguage\":\"es\"},{\"@type\":[\"Person\",\"Organization\"],\"@id\":\"https:\/\/migranitodesal.com\/#\/schema\/person\/2674140d5dd1b720f9b1e6d01e66dd12\",\"name\":\"maripepa\",\"image\":{\"@type\":\"ImageObject\",\"inLanguage\":\"es\",\"@id\":\"https:\/\/migranitodesal.com\/#\/schema\/person\/image\/\",\"url\":\"https:\/\/secure.gravatar.com\/avatar\/2a325d07cd3c812fab8706d3b75aa541?s=96&d=mm&r=g\",\"contentUrl\":\"https:\/\/secure.gravatar.com\/avatar\/2a325d07cd3c812fab8706d3b75aa541?s=96&d=mm&r=g\",\"caption\":\"maripepa\"},\"logo\":{\"@id\":\"https:\/\/migranitodesal.com\/#\/schema\/person\/image\/\"},\"sameAs\":[\"http:\/\/www.migranitodesal.com\"],\"url\":\"https:\/\/migranitodesal.com\/?author=1\"}]}<\/script>\n<!-- \/ Yoast SEO plugin. -->","yoast_head_json":{"title":"Macarrones integrales con pimientos de piquillo - Mi granito de sal.","robots":{"index":"index","follow":"follow","max-snippet":"max-snippet:-1","max-image-preview":"max-image-preview:large","max-video-preview":"max-video-preview:-1"},"canonical":"https:\/\/migranitodesal.com\/?p=340","og_locale":"es_ES","og_type":"article","og_title":"Macarrones integrales con pimientos de piquillo - Mi granito de sal.","og_description":"Hoy os traigo algo sencillo y f\u00e1cil, pero que para un apuro r\u00e1pido sale bastante rico.Como estoy a r\u00e9gimen y no tengo paciencia para seguir las comidas como toca, las voy adaptando a mis gustos y a lo que tengo en casa y como el otro d\u00eda tocaba pasta integral, me puse a hacer esta receta, las cantidades son solo para una persona. Ingredientes: 60 grs de macarrones integrales2 pimientos de piquillo1 diente de ajo, una puntita de piment\u00f3n de la Vera8 o 10 aceitunas negras sin hueso1 cucharada de alcaparras\u00bd arenque desmigado crudo1 cucharada sopera de aceite de oliva Elaboraci\u00f3n: Muy f\u00e1cil, cocer los macarrones y reservarEn una sart\u00e9n poner el aceite, sofre\u00edr el diente de ajo, despu\u00e9s los pimientos de piquillo a tiritas y confitar un poco y agregar las aceitunas cortadas, el arenque desmigado y las alcaparras picadas, a\u00f1adir una puntita de piment\u00f3n de la Vera y echar los macarrones, darles unas vueltas para que se calienten y servir enseguida. Que aproveche!!!!","og_url":"https:\/\/migranitodesal.com\/?p=340","og_site_name":"Mi granito de sal.","article_published_time":"2008-04-28T14:15:14+00:00","article_modified_time":"2024-02-11T19:50:37+00:00","og_image":[{"width":500,"height":375,"url":"https:\/\/migranitodesal.com\/wp-content\/uploads\/2024\/02\/Macrr_Integr_Pim_Piquillo.jpg","type":"image\/jpeg"}],"author":"maripepa","twitter_card":"summary_large_image","twitter_misc":{"Escrito por":"maripepa","Tiempo de lectura":"1 minuto"},"schema":{"@context":"https:\/\/schema.org","@graph":[{"@type":"Article","@id":"https:\/\/migranitodesal.com\/?p=340#article","isPartOf":{"@id":"https:\/\/migranitodesal.com\/?p=340"},"author":{"name":"maripepa","@id":"https:\/\/migranitodesal.com\/#\/schema\/person\/2674140d5dd1b720f9b1e6d01e66dd12"},"headline":"Macarrones integrales con pimientos de piquillo","datePublished":"2008-04-28T14:15:14+00:00","dateModified":"2024-02-11T19:50:37+00:00","mainEntityOfPage":{"@id":"https:\/\/migranitodesal.com\/?p=340"},"wordCount":182,"commentCount":3,"publisher":{"@id":"https:\/\/migranitodesal.com\/#\/schema\/person\/2674140d5dd1b720f9b1e6d01e66dd12"},"image":{"@id":"https:\/\/migranitodesal.com\/?p=340#primaryimage"},"thumbnailUrl":"https:\/\/migranitodesal.com\/wp-content\/uploads\/2024\/02\/Macrr_Integr_Pim_Piquillo.jpg","articleSection":["Plato \u00fanico"],"inLanguage":"es","potentialAction":[{"@type":"CommentAction","name":"Comment","target":["https:\/\/migranitodesal.com\/?p=340#respond"]}]},{"@type":"WebPage","@id":"https:\/\/migranitodesal.com\/?p=340","url":"https:\/\/migranitodesal.com\/?p=340","name":"Macarrones integrales con pimientos de piquillo - Mi granito de sal.","isPartOf":{"@id":"https:\/\/migranitodesal.com\/#website"},"primaryImageOfPage":{"@id":"https:\/\/migranitodesal.com\/?p=340#primaryimage"},"image":{"@id":"https:\/\/migranitodesal.com\/?p=340#primaryimage"},"thumbnailUrl":"https:\/\/migranitodesal.com\/wp-content\/uploads\/2024\/02\/Macrr_Integr_Pim_Piquillo.jpg","datePublished":"2008-04-28T14:15:14+00:00","dateModified":"2024-02-11T19:50:37+00:00","breadcrumb":{"@id":"https:\/\/migranitodesal.com\/?p=340#breadcrumb"},"inLanguage":"es","potentialAction":[{"@type":"ReadAction","target":["https:\/\/migranitodesal.com\/?p=340"]}]},{"@type":"ImageObject","inLanguage":"es","@id":"https:\/\/migranitodesal.com\/?p=340#primaryimage","url":"https:\/\/migranitodesal.com\/wp-content\/uploads\/2024\/02\/Macrr_Integr_Pim_Piquillo.jpg","contentUrl":"https:\/\/migranitodesal.com\/wp-content\/uploads\/2024\/02\/Macrr_Integr_Pim_Piquillo.jpg","width":500,"height":375},{"@type":"BreadcrumbList","@id":"https:\/\/migranitodesal.com\/?p=340#breadcrumb","itemListElement":[{"@type":"ListItem","position":1,"name":"Portada","item":"https:\/\/migranitodesal.com\/"},{"@type":"ListItem","position":2,"name":"Macarrones integrales con pimientos de piquillo"}]},{"@type":"WebSite","@id":"https:\/\/migranitodesal.com\/#website","url":"https:\/\/migranitodesal.com\/","name":"Mi granito de sal.","description":"Aqu\u00ed est\u00e1 lo que a lo largo del tiempo he ido aprendiendo","publisher":{"@id":"https:\/\/migranitodesal.com\/#\/schema\/person\/2674140d5dd1b720f9b1e6d01e66dd12"},"potentialAction":[{"@type":"SearchAction","target":{"@type":"EntryPoint","urlTemplate":"https:\/\/migranitodesal.com\/?s={search_term_string}"},"query-input":"required name=search_term_string"}],"inLanguage":"es"},{"@type":["Person","Organization"],"@id":"https:\/\/migranitodesal.com\/#\/schema\/person\/2674140d5dd1b720f9b1e6d01e66dd12","name":"maripepa","image":{"@type":"ImageObject","inLanguage":"es","@id":"https:\/\/migranitodesal.com\/#\/schema\/person\/image\/","url":"https:\/\/secure.gravatar.com\/avatar\/2a325d07cd3c812fab8706d3b75aa541?s=96&d=mm&r=g","contentUrl":"https:\/\/secure.gravatar.com\/avatar\/2a325d07cd3c812fab8706d3b75aa541?s=96&d=mm&r=g","caption":"maripepa"},"logo":{"@id":"https:\/\/migranitodesal.com\/#\/schema\/person\/image\/"},"sameAs":["http:\/\/www.migranitodesal.com"],"url":"https:\/\/migranitodesal.com\/?author=1"}]}},"_links":{"self":[{"href":"https:\/\/migranitodesal.com\/index.php?rest_route=\/wp\/v2\/posts\/340"}],"collection":[{"href":"https:\/\/migranitodesal.com\/index.php?rest_route=\/wp\/v2\/posts"}],"about":[{"href":"https:\/\/migranitodesal.com\/index.php?rest_route=\/wp\/v2\/types\/post"}],"author":[{"embeddable":true,"href":"https:\/\/migranitodesal.com\/index.php?rest_route=\/wp\/v2\/users\/1"}],"replies":[{"embeddable":true,"href":"https:\/\/migranitodesal.com\/index.php?rest_route=%2Fwp%2Fv2%2Fcomments&post=340"}],"version-history":[{"count":2,"href":"https:\/\/migranitodesal.com\/index.php?rest_route=\/wp\/v2\/posts\/340\/revisions"}],"predecessor-version":[{"id":1929,"href":"https:\/\/migranitodesal.com\/index.php?rest_route=\/wp\/v2\/posts\/340\/revisions\/1929"}],"wp:featuredmedia":[{"embeddable":true,"href":"https:\/\/migranitodesal.com\/index.php?rest_route=\/wp\/v2\/media\/1900"}],"wp:attachment":[{"href":"https:\/\/migranitodesal.com\/index.php?rest_route=%2Fwp%2Fv2%2Fmedia&parent=340"}],"wp:term":[{"taxonomy":"category","embeddable":true,"href":"https:\/\/migranitodesal.com\/index.php?rest_route=%2Fwp%2Fv2%2Fcategories&post=340"},{"taxonomy":"post_tag","embeddable":true,"href":"https:\/\/migranitodesal.com\/index.php?rest_route=%2Fwp%2Fv2%2Ftags&post=340"}],"curies":[{"name":"wp","href":"https:\/\/api.w.org\/{rel}","templated":true}]}}