{"id":347,"date":"2008-05-29T11:27:01","date_gmt":"2008-05-29T16:27:01","guid":{"rendered":"http:\/\/migranitodesal.com\/?p=347"},"modified":"2024-02-11T20:48:51","modified_gmt":"2024-02-11T19:48:51","slug":"carr-de-cordero-en-bolsa","status":"publish","type":"post","link":"https:\/\/migranitodesal.com\/?p=347","title":{"rendered":"Carr&eacute; de cordero en bolsa"},"content":{"rendered":"\n<p>La semana pasada estaba de antojo con las chuletas de cordero, adem\u00e1s fui con una amiga (Auro) a comprar y compr\u00f3 una pieza entera para hacer un carr\u00e9, as\u00ed m\u00e1s ganas me entraron todav\u00eda, el s\u00e1bado lo vi con muy buena pinta en el s\u00faper y adem\u00e1s de oferta y pens\u00e9: es la m\u00eda, compr\u00e9 la pieza ,hice chuletas de la parte de las varillas para hacer a la plancha&nbsp; y dej\u00e9 el resto para hacerlo en un trozo, para la pr\u00f3xima lo har\u00e9 al rev\u00e9s, tiene mejor presentaci\u00f3n la parte de las varillas, pero como nos gust\u00f3 mucho lo pongo as\u00ed.<\/p>\n\n\n\n<p>De paso ten\u00eda piment\u00f3n d\u00b4Espelette que M\u00aa  Jos\u00e9 (Coque para las amigas) nos hab\u00eda tra\u00eddo de Francia y ten\u00eda unas ganas enormes de probarlo, as\u00ed que me puse a improvisar tuneando el cordero que siempre hago.<\/p>\n\n\n\n<p>Si ten\u00e9is ocasi\u00f3n y modo de comprarlo os lo recomiendo es diferente al sabor del piment\u00f3n normal o al de la Vera, para mi tiene un aroma que recuerda al pimiento de piquillo .<\/p>\n\n\n\n<p>Muchas gracias Coque, est\u00e1 riqu\u00edsimo.<\/p>\n\n\n\n<p><u>Ingredientes:<\/u><\/p>\n\n\n\n<p>1\/2 chuletero de cordero<\/p>\n\n\n\n<p>sal, tomillo, unos pelitos de romero, una cucharadita de caf\u00e9 de piment\u00f3n d\u00b4Espelette<\/p>\n\n\n\n<p>Un chorre\u00f3n de vino blanco seco<\/p>\n\n\n\n<p>Un chorre\u00f3n de aceite de oliva<\/p>\n\n\n\n<p>Unas cuantas patatas en trozos grandes<\/p>\n\n\n\n<p>Una bolsa de asar<\/p>\n\n\n\n<p><u>Elaboraci\u00f3n:<\/u><\/p>\n\n\n\n<p>Untar el cordero de sal, piment\u00f3n, espolvorear de tomillo y colocar un poco el romero ( no mucho, solo para que le d\u00e9 el toque), echarle el aceite, el vino y dejar unas horas en adobo.<\/p>\n\n\n\n<p>Pelar, cortar y secar las patatas, ponerles sal y remover bien.<\/p>\n\n\n\n<p>Colocar dentro de la bolsa a un lado la carne y al lado las patatas, a\u00f1adirle el jugo de la maceraci\u00f3n, cerrar la bolsa y moverlo suavemente para que se impregnen un poco las patatas del sabor, pero sin que se desmonte mucho.<\/p>\n\n\n\n<p>Meter al horno precalentado a 190\u00ba unos 50 minutos, sacarlo de la bolsa y dejarlo unos 15 minutos que se termine de dorar cordero y patatas.<\/p>\n\n\n\n<p>Que aproveche!!!!!!!!<\/p>\n","protected":false},"excerpt":{"rendered":"<p>La semana pasada estaba de antojo con las chuletas de cordero, adem\u00e1s fui con una amiga (Auro) a comprar y compr\u00f3 una pieza entera para hacer un carr\u00e9, as\u00ed m\u00e1s ganas me entraron todav\u00eda, el s\u00e1bado lo vi con muy buena pinta en el s\u00faper y adem\u00e1s de oferta y pens\u00e9: es la m\u00eda, compr\u00e9 la pieza ,hice chuletas de la parte de las varillas para hacer a la plancha&nbsp; y dej\u00e9 el resto para hacerlo en un trozo, para la pr\u00f3xima lo har\u00e9 al rev\u00e9s, tiene mejor presentaci\u00f3n la parte de las varillas, pero como nos gust\u00f3 mucho lo pongo as\u00ed. De paso ten\u00eda piment\u00f3n d\u00b4Espelette que M\u00aa Jos\u00e9 (Coque para las amigas) nos hab\u00eda tra\u00eddo de Francia y ten\u00eda unas ganas enormes de probarlo, as\u00ed que me puse a improvisar tuneando el cordero que siempre hago. Si ten\u00e9is ocasi\u00f3n y modo de comprarlo os lo recomiendo es diferente al sabor del piment\u00f3n normal o al de la Vera, para mi tiene un aroma que recuerda al pimiento de piquillo . Muchas gracias Coque, est\u00e1 riqu\u00edsimo. Ingredientes: 1\/2 chuletero de cordero sal, tomillo, unos pelitos de romero, una cucharadita de caf\u00e9 de piment\u00f3n d\u00b4Espelette Un chorre\u00f3n de vino blanco seco Un chorre\u00f3n de aceite de oliva Unas cuantas patatas en trozos grandes Una bolsa de asar Elaboraci\u00f3n: Untar el cordero de sal, piment\u00f3n, espolvorear de tomillo y colocar un poco el romero ( no mucho, solo para que le d\u00e9 el toque), echarle el aceite, el vino y dejar unas horas en adobo. Pelar, cortar y secar las patatas, ponerles sal y remover bien. Colocar dentro de la bolsa a un lado la carne y al lado las patatas, a\u00f1adirle el jugo de la maceraci\u00f3n, cerrar la bolsa y moverlo suavemente para que se impregnen un poco las patatas del sabor, pero sin que se desmonte mucho. Meter al horno precalentado a 190\u00ba unos 50 minutos, sacarlo de la bolsa y dejarlo unos 15 minutos que se termine de dorar cordero y patatas. Que aproveche!!!!!!!!<\/p>\n","protected":false},"author":1,"featured_media":1925,"comment_status":"open","ping_status":"open","sticky":false,"template":"","format":"standard","meta":{"footnotes":""},"categories":[3],"tags":[],"acf":[],"yoast_head":"<!-- This site is optimized with the Yoast SEO plugin v22.6 - https:\/\/yoast.com\/wordpress\/plugins\/seo\/ -->\n<title>Carr&eacute; de cordero en bolsa - Mi granito de sal.<\/title>\n<meta name=\"robots\" content=\"index, follow, max-snippet:-1, max-image-preview:large, max-video-preview:-1\" \/>\n<link rel=\"canonical\" href=\"https:\/\/migranitodesal.com\/?p=347\" \/>\n<meta property=\"og:locale\" content=\"es_ES\" \/>\n<meta property=\"og:type\" content=\"article\" \/>\n<meta property=\"og:title\" content=\"Carr&eacute; de cordero en bolsa - Mi granito de sal.\" \/>\n<meta property=\"og:description\" content=\"La semana pasada estaba de antojo con las chuletas de cordero, adem\u00e1s fui con una amiga (Auro) a comprar y compr\u00f3 una pieza entera para hacer un carr\u00e9, as\u00ed m\u00e1s ganas me entraron todav\u00eda, el s\u00e1bado lo vi con muy buena pinta en el s\u00faper y adem\u00e1s de oferta y pens\u00e9: es la m\u00eda, compr\u00e9 la pieza ,hice chuletas de la parte de las varillas para hacer a la plancha&nbsp; y dej\u00e9 el resto para hacerlo en un trozo, para la pr\u00f3xima lo har\u00e9 al rev\u00e9s, tiene mejor presentaci\u00f3n la parte de las varillas, pero como nos gust\u00f3 mucho lo pongo as\u00ed. De paso ten\u00eda piment\u00f3n d\u00b4Espelette que M\u00aa Jos\u00e9 (Coque para las amigas) nos hab\u00eda tra\u00eddo de Francia y ten\u00eda unas ganas enormes de probarlo, as\u00ed que me puse a improvisar tuneando el cordero que siempre hago. Si ten\u00e9is ocasi\u00f3n y modo de comprarlo os lo recomiendo es diferente al sabor del piment\u00f3n normal o al de la Vera, para mi tiene un aroma que recuerda al pimiento de piquillo . Muchas gracias Coque, est\u00e1 riqu\u00edsimo. Ingredientes: 1\/2 chuletero de cordero sal, tomillo, unos pelitos de romero, una cucharadita de caf\u00e9 de piment\u00f3n d\u00b4Espelette Un chorre\u00f3n de vino blanco seco Un chorre\u00f3n de aceite de oliva Unas cuantas patatas en trozos grandes Una bolsa de asar Elaboraci\u00f3n: Untar el cordero de sal, piment\u00f3n, espolvorear de tomillo y colocar un poco el romero ( no mucho, solo para que le d\u00e9 el toque), echarle el aceite, el vino y dejar unas horas en adobo. Pelar, cortar y secar las patatas, ponerles sal y remover bien. Colocar dentro de la bolsa a un lado la carne y al lado las patatas, a\u00f1adirle el jugo de la maceraci\u00f3n, cerrar la bolsa y moverlo suavemente para que se impregnen un poco las patatas del sabor, pero sin que se desmonte mucho. Meter al horno precalentado a 190\u00ba unos 50 minutos, sacarlo de la bolsa y dejarlo unos 15 minutos que se termine de dorar cordero y patatas. Que aproveche!!!!!!!!\" \/>\n<meta property=\"og:url\" content=\"https:\/\/migranitodesal.com\/?p=347\" \/>\n<meta property=\"og:site_name\" content=\"Mi granito de sal.\" \/>\n<meta property=\"article:published_time\" content=\"2008-05-29T16:27:01+00:00\" \/>\n<meta property=\"article:modified_time\" content=\"2024-02-11T19:48:51+00:00\" \/>\n<meta property=\"og:image\" content=\"https:\/\/migranitodesal.com\/wp-content\/uploads\/2024\/02\/carre_cordero.jpg\" \/>\n\t<meta property=\"og:image:width\" content=\"500\" \/>\n\t<meta property=\"og:image:height\" content=\"375\" \/>\n\t<meta property=\"og:image:type\" content=\"image\/jpeg\" \/>\n<meta name=\"author\" content=\"maripepa\" \/>\n<meta name=\"twitter:card\" content=\"summary_large_image\" \/>\n<meta name=\"twitter:label1\" content=\"Escrito por\" \/>\n\t<meta name=\"twitter:data1\" content=\"maripepa\" \/>\n\t<meta name=\"twitter:label2\" content=\"Tiempo de lectura\" \/>\n\t<meta name=\"twitter:data2\" content=\"2 minutos\" \/>\n<script type=\"application\/ld+json\" class=\"yoast-schema-graph\">{\"@context\":\"https:\/\/schema.org\",\"@graph\":[{\"@type\":\"Article\",\"@id\":\"https:\/\/migranitodesal.com\/?p=347#article\",\"isPartOf\":{\"@id\":\"https:\/\/migranitodesal.com\/?p=347\"},\"author\":{\"name\":\"maripepa\",\"@id\":\"https:\/\/migranitodesal.com\/#\/schema\/person\/2674140d5dd1b720f9b1e6d01e66dd12\"},\"headline\":\"Carr&eacute; de cordero en bolsa\",\"datePublished\":\"2008-05-29T16:27:01+00:00\",\"dateModified\":\"2024-02-11T19:48:51+00:00\",\"mainEntityOfPage\":{\"@id\":\"https:\/\/migranitodesal.com\/?p=347\"},\"wordCount\":365,\"commentCount\":6,\"publisher\":{\"@id\":\"https:\/\/migranitodesal.com\/#\/schema\/person\/2674140d5dd1b720f9b1e6d01e66dd12\"},\"image\":{\"@id\":\"https:\/\/migranitodesal.com\/?p=347#primaryimage\"},\"thumbnailUrl\":\"https:\/\/migranitodesal.com\/wp-content\/uploads\/2024\/02\/carre_cordero.jpg\",\"articleSection\":[\"Carnes\"],\"inLanguage\":\"es\",\"potentialAction\":[{\"@type\":\"CommentAction\",\"name\":\"Comment\",\"target\":[\"https:\/\/migranitodesal.com\/?p=347#respond\"]}]},{\"@type\":\"WebPage\",\"@id\":\"https:\/\/migranitodesal.com\/?p=347\",\"url\":\"https:\/\/migranitodesal.com\/?p=347\",\"name\":\"Carr&eacute; de cordero en bolsa - Mi granito de sal.\",\"isPartOf\":{\"@id\":\"https:\/\/migranitodesal.com\/#website\"},\"primaryImageOfPage\":{\"@id\":\"https:\/\/migranitodesal.com\/?p=347#primaryimage\"},\"image\":{\"@id\":\"https:\/\/migranitodesal.com\/?p=347#primaryimage\"},\"thumbnailUrl\":\"https:\/\/migranitodesal.com\/wp-content\/uploads\/2024\/02\/carre_cordero.jpg\",\"datePublished\":\"2008-05-29T16:27:01+00:00\",\"dateModified\":\"2024-02-11T19:48:51+00:00\",\"breadcrumb\":{\"@id\":\"https:\/\/migranitodesal.com\/?p=347#breadcrumb\"},\"inLanguage\":\"es\",\"potentialAction\":[{\"@type\":\"ReadAction\",\"target\":[\"https:\/\/migranitodesal.com\/?p=347\"]}]},{\"@type\":\"ImageObject\",\"inLanguage\":\"es\",\"@id\":\"https:\/\/migranitodesal.com\/?p=347#primaryimage\",\"url\":\"https:\/\/migranitodesal.com\/wp-content\/uploads\/2024\/02\/carre_cordero.jpg\",\"contentUrl\":\"https:\/\/migranitodesal.com\/wp-content\/uploads\/2024\/02\/carre_cordero.jpg\",\"width\":500,\"height\":375},{\"@type\":\"BreadcrumbList\",\"@id\":\"https:\/\/migranitodesal.com\/?p=347#breadcrumb\",\"itemListElement\":[{\"@type\":\"ListItem\",\"position\":1,\"name\":\"Portada\",\"item\":\"https:\/\/migranitodesal.com\/\"},{\"@type\":\"ListItem\",\"position\":2,\"name\":\"Carr&eacute; de cordero en bolsa\"}]},{\"@type\":\"WebSite\",\"@id\":\"https:\/\/migranitodesal.com\/#website\",\"url\":\"https:\/\/migranitodesal.com\/\",\"name\":\"Mi granito de sal.\",\"description\":\"Aqu\u00ed est\u00e1 lo que a lo largo del tiempo he ido aprendiendo\",\"publisher\":{\"@id\":\"https:\/\/migranitodesal.com\/#\/schema\/person\/2674140d5dd1b720f9b1e6d01e66dd12\"},\"potentialAction\":[{\"@type\":\"SearchAction\",\"target\":{\"@type\":\"EntryPoint\",\"urlTemplate\":\"https:\/\/migranitodesal.com\/?s={search_term_string}\"},\"query-input\":\"required name=search_term_string\"}],\"inLanguage\":\"es\"},{\"@type\":[\"Person\",\"Organization\"],\"@id\":\"https:\/\/migranitodesal.com\/#\/schema\/person\/2674140d5dd1b720f9b1e6d01e66dd12\",\"name\":\"maripepa\",\"image\":{\"@type\":\"ImageObject\",\"inLanguage\":\"es\",\"@id\":\"https:\/\/migranitodesal.com\/#\/schema\/person\/image\/\",\"url\":\"https:\/\/secure.gravatar.com\/avatar\/2a325d07cd3c812fab8706d3b75aa541?s=96&d=mm&r=g\",\"contentUrl\":\"https:\/\/secure.gravatar.com\/avatar\/2a325d07cd3c812fab8706d3b75aa541?s=96&d=mm&r=g\",\"caption\":\"maripepa\"},\"logo\":{\"@id\":\"https:\/\/migranitodesal.com\/#\/schema\/person\/image\/\"},\"sameAs\":[\"http:\/\/www.migranitodesal.com\"],\"url\":\"https:\/\/migranitodesal.com\/?author=1\"}]}<\/script>\n<!-- \/ Yoast SEO plugin. -->","yoast_head_json":{"title":"Carr&eacute; de cordero en bolsa - Mi granito de sal.","robots":{"index":"index","follow":"follow","max-snippet":"max-snippet:-1","max-image-preview":"max-image-preview:large","max-video-preview":"max-video-preview:-1"},"canonical":"https:\/\/migranitodesal.com\/?p=347","og_locale":"es_ES","og_type":"article","og_title":"Carr&eacute; de cordero en bolsa - Mi granito de sal.","og_description":"La semana pasada estaba de antojo con las chuletas de cordero, adem\u00e1s fui con una amiga (Auro) a comprar y compr\u00f3 una pieza entera para hacer un carr\u00e9, as\u00ed m\u00e1s ganas me entraron todav\u00eda, el s\u00e1bado lo vi con muy buena pinta en el s\u00faper y adem\u00e1s de oferta y pens\u00e9: es la m\u00eda, compr\u00e9 la pieza ,hice chuletas de la parte de las varillas para hacer a la plancha&nbsp; y dej\u00e9 el resto para hacerlo en un trozo, para la pr\u00f3xima lo har\u00e9 al rev\u00e9s, tiene mejor presentaci\u00f3n la parte de las varillas, pero como nos gust\u00f3 mucho lo pongo as\u00ed. De paso ten\u00eda piment\u00f3n d\u00b4Espelette que M\u00aa Jos\u00e9 (Coque para las amigas) nos hab\u00eda tra\u00eddo de Francia y ten\u00eda unas ganas enormes de probarlo, as\u00ed que me puse a improvisar tuneando el cordero que siempre hago. Si ten\u00e9is ocasi\u00f3n y modo de comprarlo os lo recomiendo es diferente al sabor del piment\u00f3n normal o al de la Vera, para mi tiene un aroma que recuerda al pimiento de piquillo . Muchas gracias Coque, est\u00e1 riqu\u00edsimo. Ingredientes: 1\/2 chuletero de cordero sal, tomillo, unos pelitos de romero, una cucharadita de caf\u00e9 de piment\u00f3n d\u00b4Espelette Un chorre\u00f3n de vino blanco seco Un chorre\u00f3n de aceite de oliva Unas cuantas patatas en trozos grandes Una bolsa de asar Elaboraci\u00f3n: Untar el cordero de sal, piment\u00f3n, espolvorear de tomillo y colocar un poco el romero ( no mucho, solo para que le d\u00e9 el toque), echarle el aceite, el vino y dejar unas horas en adobo. Pelar, cortar y secar las patatas, ponerles sal y remover bien. Colocar dentro de la bolsa a un lado la carne y al lado las patatas, a\u00f1adirle el jugo de la maceraci\u00f3n, cerrar la bolsa y moverlo suavemente para que se impregnen un poco las patatas del sabor, pero sin que se desmonte mucho. Meter al horno precalentado a 190\u00ba unos 50 minutos, sacarlo de la bolsa y dejarlo unos 15 minutos que se termine de dorar cordero y patatas. Que aproveche!!!!!!!!","og_url":"https:\/\/migranitodesal.com\/?p=347","og_site_name":"Mi granito de sal.","article_published_time":"2008-05-29T16:27:01+00:00","article_modified_time":"2024-02-11T19:48:51+00:00","og_image":[{"width":500,"height":375,"url":"https:\/\/migranitodesal.com\/wp-content\/uploads\/2024\/02\/carre_cordero.jpg","type":"image\/jpeg"}],"author":"maripepa","twitter_card":"summary_large_image","twitter_misc":{"Escrito por":"maripepa","Tiempo de lectura":"2 minutos"},"schema":{"@context":"https:\/\/schema.org","@graph":[{"@type":"Article","@id":"https:\/\/migranitodesal.com\/?p=347#article","isPartOf":{"@id":"https:\/\/migranitodesal.com\/?p=347"},"author":{"name":"maripepa","@id":"https:\/\/migranitodesal.com\/#\/schema\/person\/2674140d5dd1b720f9b1e6d01e66dd12"},"headline":"Carr&eacute; de cordero en bolsa","datePublished":"2008-05-29T16:27:01+00:00","dateModified":"2024-02-11T19:48:51+00:00","mainEntityOfPage":{"@id":"https:\/\/migranitodesal.com\/?p=347"},"wordCount":365,"commentCount":6,"publisher":{"@id":"https:\/\/migranitodesal.com\/#\/schema\/person\/2674140d5dd1b720f9b1e6d01e66dd12"},"image":{"@id":"https:\/\/migranitodesal.com\/?p=347#primaryimage"},"thumbnailUrl":"https:\/\/migranitodesal.com\/wp-content\/uploads\/2024\/02\/carre_cordero.jpg","articleSection":["Carnes"],"inLanguage":"es","potentialAction":[{"@type":"CommentAction","name":"Comment","target":["https:\/\/migranitodesal.com\/?p=347#respond"]}]},{"@type":"WebPage","@id":"https:\/\/migranitodesal.com\/?p=347","url":"https:\/\/migranitodesal.com\/?p=347","name":"Carr&eacute; de cordero en bolsa - Mi granito de sal.","isPartOf":{"@id":"https:\/\/migranitodesal.com\/#website"},"primaryImageOfPage":{"@id":"https:\/\/migranitodesal.com\/?p=347#primaryimage"},"image":{"@id":"https:\/\/migranitodesal.com\/?p=347#primaryimage"},"thumbnailUrl":"https:\/\/migranitodesal.com\/wp-content\/uploads\/2024\/02\/carre_cordero.jpg","datePublished":"2008-05-29T16:27:01+00:00","dateModified":"2024-02-11T19:48:51+00:00","breadcrumb":{"@id":"https:\/\/migranitodesal.com\/?p=347#breadcrumb"},"inLanguage":"es","potentialAction":[{"@type":"ReadAction","target":["https:\/\/migranitodesal.com\/?p=347"]}]},{"@type":"ImageObject","inLanguage":"es","@id":"https:\/\/migranitodesal.com\/?p=347#primaryimage","url":"https:\/\/migranitodesal.com\/wp-content\/uploads\/2024\/02\/carre_cordero.jpg","contentUrl":"https:\/\/migranitodesal.com\/wp-content\/uploads\/2024\/02\/carre_cordero.jpg","width":500,"height":375},{"@type":"BreadcrumbList","@id":"https:\/\/migranitodesal.com\/?p=347#breadcrumb","itemListElement":[{"@type":"ListItem","position":1,"name":"Portada","item":"https:\/\/migranitodesal.com\/"},{"@type":"ListItem","position":2,"name":"Carr&eacute; de cordero en bolsa"}]},{"@type":"WebSite","@id":"https:\/\/migranitodesal.com\/#website","url":"https:\/\/migranitodesal.com\/","name":"Mi granito de sal.","description":"Aqu\u00ed est\u00e1 lo que a lo largo del tiempo he ido aprendiendo","publisher":{"@id":"https:\/\/migranitodesal.com\/#\/schema\/person\/2674140d5dd1b720f9b1e6d01e66dd12"},"potentialAction":[{"@type":"SearchAction","target":{"@type":"EntryPoint","urlTemplate":"https:\/\/migranitodesal.com\/?s={search_term_string}"},"query-input":"required name=search_term_string"}],"inLanguage":"es"},{"@type":["Person","Organization"],"@id":"https:\/\/migranitodesal.com\/#\/schema\/person\/2674140d5dd1b720f9b1e6d01e66dd12","name":"maripepa","image":{"@type":"ImageObject","inLanguage":"es","@id":"https:\/\/migranitodesal.com\/#\/schema\/person\/image\/","url":"https:\/\/secure.gravatar.com\/avatar\/2a325d07cd3c812fab8706d3b75aa541?s=96&d=mm&r=g","contentUrl":"https:\/\/secure.gravatar.com\/avatar\/2a325d07cd3c812fab8706d3b75aa541?s=96&d=mm&r=g","caption":"maripepa"},"logo":{"@id":"https:\/\/migranitodesal.com\/#\/schema\/person\/image\/"},"sameAs":["http:\/\/www.migranitodesal.com"],"url":"https:\/\/migranitodesal.com\/?author=1"}]}},"_links":{"self":[{"href":"https:\/\/migranitodesal.com\/index.php?rest_route=\/wp\/v2\/posts\/347"}],"collection":[{"href":"https:\/\/migranitodesal.com\/index.php?rest_route=\/wp\/v2\/posts"}],"about":[{"href":"https:\/\/migranitodesal.com\/index.php?rest_route=\/wp\/v2\/types\/post"}],"author":[{"embeddable":true,"href":"https:\/\/migranitodesal.com\/index.php?rest_route=\/wp\/v2\/users\/1"}],"replies":[{"embeddable":true,"href":"https:\/\/migranitodesal.com\/index.php?rest_route=%2Fwp%2Fv2%2Fcomments&post=347"}],"version-history":[{"count":2,"href":"https:\/\/migranitodesal.com\/index.php?rest_route=\/wp\/v2\/posts\/347\/revisions"}],"predecessor-version":[{"id":1926,"href":"https:\/\/migranitodesal.com\/index.php?rest_route=\/wp\/v2\/posts\/347\/revisions\/1926"}],"wp:featuredmedia":[{"embeddable":true,"href":"https:\/\/migranitodesal.com\/index.php?rest_route=\/wp\/v2\/media\/1925"}],"wp:attachment":[{"href":"https:\/\/migranitodesal.com\/index.php?rest_route=%2Fwp%2Fv2%2Fmedia&parent=347"}],"wp:term":[{"taxonomy":"category","embeddable":true,"href":"https:\/\/migranitodesal.com\/index.php?rest_route=%2Fwp%2Fv2%2Fcategories&post=347"},{"taxonomy":"post_tag","embeddable":true,"href":"https:\/\/migranitodesal.com\/index.php?rest_route=%2Fwp%2Fv2%2Ftags&post=347"}],"curies":[{"name":"wp","href":"https:\/\/api.w.org\/{rel}","templated":true}]}}