{"id":553,"date":"2009-05-21T17:38:27","date_gmt":"2009-05-21T16:38:27","guid":{"rendered":"http:\/\/migranitodesal.com\/?p=553"},"modified":"2024-02-11T17:47:37","modified_gmt":"2024-02-11T16:47:37","slug":"costillas-asadas-americanas","status":"publish","type":"post","link":"https:\/\/migranitodesal.com\/?p=553","title":{"rendered":"Costillas asadas americanas"},"content":{"rendered":"\n<p>Hola, despu\u00e9s de bastantes d\u00edas sin publicar, saco mano de cosas atrasadas que en su d\u00eda hice.<\/p>\n\n\n\n<p>Esta receta esta sacada de la Web y no s\u00e9 realmente de quien es, pero tengo entendido (me han dicho) que es de NEKO que la puso para Curraget o al rev\u00e9s, yo os pongo la mezcla que al final he hecho unas cuantas veces.<\/p>\n\n\n\n<p>Lo que si os puedo asegurar es que estas costillas est\u00e1n exquisitas y aunque la lista de ingredientes sea larga es muy f\u00e1cil de preparar.<\/p>\n\n\n\n<p><u>Elaboraci\u00f3n:<\/u><\/p>\n\n\n\n<p>Pedir en la carnicer\u00eda que os recorten las costillas para que queden m\u00e1s bonitas.<\/p>\n\n\n\n<p>Preparar una salsa Barbacoa para ali\u00f1ar las costillas.<\/p>\n\n\n\n<p><u>Ingredientes:<\/u><\/p>\n\n\n\n<p>Notas:<\/p>\n\n\n\n<p>Tom\u00e9 como medida una taza de caf\u00e9 para adobar casi medio costillar (solo le quit\u00e9 una punta)<\/p>\n\n\n\n<p>Las cucharadas son soperas, las cucharaditas de caf\u00e9 con leche y las otras de caf\u00e9.<\/p>\n\n\n\n<p>\u00be de taza de ketchup<\/p>\n\n\n\n<p>\u00be de taza de vinagre<\/p>\n\n\n\n<p>2 cucharadas de melaza de arroz<\/p>\n\n\n\n<p>2 cucharadas de az\u00facar moreno mezclado con \u00bd taza de agua<\/p>\n\n\n\n<p>2 cucharaditas de az\u00facar<\/p>\n\n\n\n<p>1 cucharadita de piment\u00f3n de la Vera<\/p>\n\n\n\n<p>1 cucharadita de sal<\/p>\n\n\n\n<p>1 cucharadita de caf\u00e9 de guindilla molida<\/p>\n\n\n\n<p>1 cucharadita de caf\u00e9 de tabasco rojo<\/p>\n\n\n\n<p>1 cucharadita de caf\u00e9 de ajo molido<\/p>\n\n\n\n<p>1 cucharadita de caf\u00e9 de polvo de ahumar<\/p>\n\n\n\n<p>Mezclar todo los ingredientes en un cazo, ponerlo al fuego y cuando empiece a hervir bajarlo al m\u00ednimo y dejar que se espese un poco (unos 5 minutos)<\/p>\n\n\n\n<p>Untar las costillas, envolver en papel Albal y meter al horno 2 horas o 2 y \u00bd (dependiendo del tama\u00f1o) a 150\u00ba<\/p>\n\n\n\n<figure class=\"wp-block-image\"><img decoding=\"async\" src=\"https:\/\/migranitodesal.com\/wp-content\/uploads\/2009\/05\/windowslivewritercostillasasadasamericanas-1060dcostillas1-81f82791-1b13-476e-a2fb-0eb4fa2ad2e1.jpg\" alt=\"costillas1\"\/><\/figure>\n\n\n\n<p>Cuando est\u00e9n cocidas destapar, poner encima de la rejilla, echarles salsa por encima y dorar unos 10 minutos con el grill fuerte.<\/p>\n\n\n\n<p>Guardar la salsa sobrante para servir con las costillas.<\/p>\n\n\n\n<p>Poner abajo otra bandeja o papel Albal.<\/p>\n\n\n\n<p>Si se tiene tiempo adobar unas horas antes.<\/p>\n\n\n\n<p>Que aproveche!!!!!!<\/p>\n","protected":false},"excerpt":{"rendered":"<p>Hola, despu\u00e9s de bastantes d\u00edas sin publicar, saco mano de cosas atrasadas que en su d\u00eda hice. Esta receta esta sacada de la Web y no s\u00e9 realmente de quien es, pero tengo entendido (me han dicho) que es de NEKO que la puso para Curraget o al rev\u00e9s, yo os pongo la mezcla que al final he hecho unas cuantas veces. Lo que si os puedo asegurar es que estas costillas est\u00e1n exquisitas y aunque la lista de ingredientes sea larga es muy f\u00e1cil de preparar. Elaboraci\u00f3n: Pedir en la carnicer\u00eda que os recorten las costillas para que queden m\u00e1s bonitas. Preparar una salsa Barbacoa para ali\u00f1ar las costillas. Ingredientes: Notas: Tom\u00e9 como medida una taza de caf\u00e9 para adobar casi medio costillar (solo le quit\u00e9 una punta) Las cucharadas son soperas, las cucharaditas de caf\u00e9 con leche y las otras de caf\u00e9. \u00be de taza de ketchup \u00be de taza de vinagre 2 cucharadas de melaza de arroz 2 cucharadas de az\u00facar moreno mezclado con \u00bd taza de agua 2 cucharaditas de az\u00facar 1 cucharadita de piment\u00f3n de la Vera 1 cucharadita de sal 1 cucharadita de caf\u00e9 de guindilla molida 1 cucharadita de caf\u00e9 de tabasco rojo 1 cucharadita de caf\u00e9 de ajo molido 1 cucharadita de caf\u00e9 de polvo de ahumar Mezclar todo los ingredientes en un cazo, ponerlo al fuego y cuando empiece a hervir bajarlo al m\u00ednimo y dejar que se espese un poco (unos 5 minutos) Untar las costillas, envolver en papel Albal y meter al horno 2 horas o 2 y \u00bd (dependiendo del tama\u00f1o) a 150\u00ba Cuando est\u00e9n cocidas destapar, poner encima de la rejilla, echarles salsa por encima y dorar unos 10 minutos con el grill fuerte. Guardar la salsa sobrante para servir con las costillas. Poner abajo otra bandeja o papel Albal. Si se tiene tiempo adobar unas horas antes. Que aproveche!!!!!!<\/p>\n","protected":false},"author":1,"featured_media":551,"comment_status":"open","ping_status":"open","sticky":false,"template":"","format":"standard","meta":{"footnotes":""},"categories":[7],"tags":[],"acf":[],"yoast_head":"<!-- This site is optimized with the Yoast SEO plugin v22.6 - https:\/\/yoast.com\/wordpress\/plugins\/seo\/ -->\n<title>Costillas asadas americanas - Mi granito de sal.<\/title>\n<meta name=\"robots\" content=\"index, follow, max-snippet:-1, max-image-preview:large, max-video-preview:-1\" \/>\n<link rel=\"canonical\" href=\"https:\/\/migranitodesal.com\/?p=553\" \/>\n<meta property=\"og:locale\" content=\"es_ES\" \/>\n<meta property=\"og:type\" content=\"article\" \/>\n<meta property=\"og:title\" content=\"Costillas asadas americanas - Mi granito de sal.\" \/>\n<meta property=\"og:description\" content=\"Hola, despu\u00e9s de bastantes d\u00edas sin publicar, saco mano de cosas atrasadas que en su d\u00eda hice. Esta receta esta sacada de la Web y no s\u00e9 realmente de quien es, pero tengo entendido (me han dicho) que es de NEKO que la puso para Curraget o al rev\u00e9s, yo os pongo la mezcla que al final he hecho unas cuantas veces. Lo que si os puedo asegurar es que estas costillas est\u00e1n exquisitas y aunque la lista de ingredientes sea larga es muy f\u00e1cil de preparar. Elaboraci\u00f3n: Pedir en la carnicer\u00eda que os recorten las costillas para que queden m\u00e1s bonitas. Preparar una salsa Barbacoa para ali\u00f1ar las costillas. Ingredientes: Notas: Tom\u00e9 como medida una taza de caf\u00e9 para adobar casi medio costillar (solo le quit\u00e9 una punta) Las cucharadas son soperas, las cucharaditas de caf\u00e9 con leche y las otras de caf\u00e9. \u00be de taza de ketchup \u00be de taza de vinagre 2 cucharadas de melaza de arroz 2 cucharadas de az\u00facar moreno mezclado con \u00bd taza de agua 2 cucharaditas de az\u00facar 1 cucharadita de piment\u00f3n de la Vera 1 cucharadita de sal 1 cucharadita de caf\u00e9 de guindilla molida 1 cucharadita de caf\u00e9 de tabasco rojo 1 cucharadita de caf\u00e9 de ajo molido 1 cucharadita de caf\u00e9 de polvo de ahumar Mezclar todo los ingredientes en un cazo, ponerlo al fuego y cuando empiece a hervir bajarlo al m\u00ednimo y dejar que se espese un poco (unos 5 minutos) Untar las costillas, envolver en papel Albal y meter al horno 2 horas o 2 y \u00bd (dependiendo del tama\u00f1o) a 150\u00ba Cuando est\u00e9n cocidas destapar, poner encima de la rejilla, echarles salsa por encima y dorar unos 10 minutos con el grill fuerte. Guardar la salsa sobrante para servir con las costillas. Poner abajo otra bandeja o papel Albal. Si se tiene tiempo adobar unas horas antes. Que aproveche!!!!!!\" \/>\n<meta property=\"og:url\" content=\"https:\/\/migranitodesal.com\/?p=553\" \/>\n<meta property=\"og:site_name\" content=\"Mi granito de sal.\" \/>\n<meta property=\"article:published_time\" content=\"2009-05-21T16:38:27+00:00\" \/>\n<meta property=\"article:modified_time\" content=\"2024-02-11T16:47:37+00:00\" \/>\n<meta property=\"og:image\" content=\"https:\/\/migranitodesal.com\/wp-content\/uploads\/2009\/05\/windowslivewritercostillasasadasamericanas-1060dcostillas2-60869d17-8757-4fdc-9c00-8e71cd852255.jpg\" \/>\n\t<meta property=\"og:image:width\" content=\"504\" \/>\n\t<meta property=\"og:image:height\" content=\"379\" \/>\n\t<meta property=\"og:image:type\" content=\"image\/jpeg\" \/>\n<meta name=\"author\" content=\"maripepa\" \/>\n<meta name=\"twitter:card\" content=\"summary_large_image\" \/>\n<meta name=\"twitter:label1\" content=\"Escrito por\" \/>\n\t<meta name=\"twitter:data1\" content=\"maripepa\" \/>\n\t<meta name=\"twitter:label2\" content=\"Tiempo de lectura\" \/>\n\t<meta name=\"twitter:data2\" content=\"2 minutos\" \/>\n<script type=\"application\/ld+json\" class=\"yoast-schema-graph\">{\"@context\":\"https:\/\/schema.org\",\"@graph\":[{\"@type\":\"Article\",\"@id\":\"https:\/\/migranitodesal.com\/?p=553#article\",\"isPartOf\":{\"@id\":\"https:\/\/migranitodesal.com\/?p=553\"},\"author\":{\"name\":\"maripepa\",\"@id\":\"https:\/\/migranitodesal.com\/#\/schema\/person\/2674140d5dd1b720f9b1e6d01e66dd12\"},\"headline\":\"Costillas asadas americanas\",\"datePublished\":\"2009-05-21T16:38:27+00:00\",\"dateModified\":\"2024-02-11T16:47:37+00:00\",\"mainEntityOfPage\":{\"@id\":\"https:\/\/migranitodesal.com\/?p=553\"},\"wordCount\":314,\"commentCount\":4,\"publisher\":{\"@id\":\"https:\/\/migranitodesal.com\/#\/schema\/person\/2674140d5dd1b720f9b1e6d01e66dd12\"},\"image\":{\"@id\":\"https:\/\/migranitodesal.com\/?p=553#primaryimage\"},\"thumbnailUrl\":\"https:\/\/migranitodesal.com\/wp-content\/uploads\/2009\/05\/windowslivewritercostillasasadasamericanas-1060dcostillas2-60869d17-8757-4fdc-9c00-8e71cd852255.jpg\",\"articleSection\":[\"Varios\"],\"inLanguage\":\"es\",\"potentialAction\":[{\"@type\":\"CommentAction\",\"name\":\"Comment\",\"target\":[\"https:\/\/migranitodesal.com\/?p=553#respond\"]}]},{\"@type\":\"WebPage\",\"@id\":\"https:\/\/migranitodesal.com\/?p=553\",\"url\":\"https:\/\/migranitodesal.com\/?p=553\",\"name\":\"Costillas asadas americanas - Mi granito de sal.\",\"isPartOf\":{\"@id\":\"https:\/\/migranitodesal.com\/#website\"},\"primaryImageOfPage\":{\"@id\":\"https:\/\/migranitodesal.com\/?p=553#primaryimage\"},\"image\":{\"@id\":\"https:\/\/migranitodesal.com\/?p=553#primaryimage\"},\"thumbnailUrl\":\"https:\/\/migranitodesal.com\/wp-content\/uploads\/2009\/05\/windowslivewritercostillasasadasamericanas-1060dcostillas2-60869d17-8757-4fdc-9c00-8e71cd852255.jpg\",\"datePublished\":\"2009-05-21T16:38:27+00:00\",\"dateModified\":\"2024-02-11T16:47:37+00:00\",\"breadcrumb\":{\"@id\":\"https:\/\/migranitodesal.com\/?p=553#breadcrumb\"},\"inLanguage\":\"es\",\"potentialAction\":[{\"@type\":\"ReadAction\",\"target\":[\"https:\/\/migranitodesal.com\/?p=553\"]}]},{\"@type\":\"ImageObject\",\"inLanguage\":\"es\",\"@id\":\"https:\/\/migranitodesal.com\/?p=553#primaryimage\",\"url\":\"https:\/\/migranitodesal.com\/wp-content\/uploads\/2009\/05\/windowslivewritercostillasasadasamericanas-1060dcostillas2-60869d17-8757-4fdc-9c00-8e71cd852255.jpg\",\"contentUrl\":\"https:\/\/migranitodesal.com\/wp-content\/uploads\/2009\/05\/windowslivewritercostillasasadasamericanas-1060dcostillas2-60869d17-8757-4fdc-9c00-8e71cd852255.jpg\",\"width\":504,\"height\":379},{\"@type\":\"BreadcrumbList\",\"@id\":\"https:\/\/migranitodesal.com\/?p=553#breadcrumb\",\"itemListElement\":[{\"@type\":\"ListItem\",\"position\":1,\"name\":\"Portada\",\"item\":\"https:\/\/migranitodesal.com\/\"},{\"@type\":\"ListItem\",\"position\":2,\"name\":\"Costillas asadas americanas\"}]},{\"@type\":\"WebSite\",\"@id\":\"https:\/\/migranitodesal.com\/#website\",\"url\":\"https:\/\/migranitodesal.com\/\",\"name\":\"Mi granito de sal.\",\"description\":\"Aqu\u00ed est\u00e1 lo que a lo largo del tiempo he ido aprendiendo\",\"publisher\":{\"@id\":\"https:\/\/migranitodesal.com\/#\/schema\/person\/2674140d5dd1b720f9b1e6d01e66dd12\"},\"potentialAction\":[{\"@type\":\"SearchAction\",\"target\":{\"@type\":\"EntryPoint\",\"urlTemplate\":\"https:\/\/migranitodesal.com\/?s={search_term_string}\"},\"query-input\":\"required name=search_term_string\"}],\"inLanguage\":\"es\"},{\"@type\":[\"Person\",\"Organization\"],\"@id\":\"https:\/\/migranitodesal.com\/#\/schema\/person\/2674140d5dd1b720f9b1e6d01e66dd12\",\"name\":\"maripepa\",\"image\":{\"@type\":\"ImageObject\",\"inLanguage\":\"es\",\"@id\":\"https:\/\/migranitodesal.com\/#\/schema\/person\/image\/\",\"url\":\"https:\/\/secure.gravatar.com\/avatar\/2a325d07cd3c812fab8706d3b75aa541?s=96&d=mm&r=g\",\"contentUrl\":\"https:\/\/secure.gravatar.com\/avatar\/2a325d07cd3c812fab8706d3b75aa541?s=96&d=mm&r=g\",\"caption\":\"maripepa\"},\"logo\":{\"@id\":\"https:\/\/migranitodesal.com\/#\/schema\/person\/image\/\"},\"sameAs\":[\"http:\/\/www.migranitodesal.com\"],\"url\":\"https:\/\/migranitodesal.com\/?author=1\"}]}<\/script>\n<!-- \/ Yoast SEO plugin. -->","yoast_head_json":{"title":"Costillas asadas americanas - Mi granito de sal.","robots":{"index":"index","follow":"follow","max-snippet":"max-snippet:-1","max-image-preview":"max-image-preview:large","max-video-preview":"max-video-preview:-1"},"canonical":"https:\/\/migranitodesal.com\/?p=553","og_locale":"es_ES","og_type":"article","og_title":"Costillas asadas americanas - Mi granito de sal.","og_description":"Hola, despu\u00e9s de bastantes d\u00edas sin publicar, saco mano de cosas atrasadas que en su d\u00eda hice. Esta receta esta sacada de la Web y no s\u00e9 realmente de quien es, pero tengo entendido (me han dicho) que es de NEKO que la puso para Curraget o al rev\u00e9s, yo os pongo la mezcla que al final he hecho unas cuantas veces. Lo que si os puedo asegurar es que estas costillas est\u00e1n exquisitas y aunque la lista de ingredientes sea larga es muy f\u00e1cil de preparar. Elaboraci\u00f3n: Pedir en la carnicer\u00eda que os recorten las costillas para que queden m\u00e1s bonitas. Preparar una salsa Barbacoa para ali\u00f1ar las costillas. Ingredientes: Notas: Tom\u00e9 como medida una taza de caf\u00e9 para adobar casi medio costillar (solo le quit\u00e9 una punta) Las cucharadas son soperas, las cucharaditas de caf\u00e9 con leche y las otras de caf\u00e9. \u00be de taza de ketchup \u00be de taza de vinagre 2 cucharadas de melaza de arroz 2 cucharadas de az\u00facar moreno mezclado con \u00bd taza de agua 2 cucharaditas de az\u00facar 1 cucharadita de piment\u00f3n de la Vera 1 cucharadita de sal 1 cucharadita de caf\u00e9 de guindilla molida 1 cucharadita de caf\u00e9 de tabasco rojo 1 cucharadita de caf\u00e9 de ajo molido 1 cucharadita de caf\u00e9 de polvo de ahumar Mezclar todo los ingredientes en un cazo, ponerlo al fuego y cuando empiece a hervir bajarlo al m\u00ednimo y dejar que se espese un poco (unos 5 minutos) Untar las costillas, envolver en papel Albal y meter al horno 2 horas o 2 y \u00bd (dependiendo del tama\u00f1o) a 150\u00ba Cuando est\u00e9n cocidas destapar, poner encima de la rejilla, echarles salsa por encima y dorar unos 10 minutos con el grill fuerte. Guardar la salsa sobrante para servir con las costillas. Poner abajo otra bandeja o papel Albal. Si se tiene tiempo adobar unas horas antes. Que aproveche!!!!!!","og_url":"https:\/\/migranitodesal.com\/?p=553","og_site_name":"Mi granito de sal.","article_published_time":"2009-05-21T16:38:27+00:00","article_modified_time":"2024-02-11T16:47:37+00:00","og_image":[{"width":504,"height":379,"url":"https:\/\/migranitodesal.com\/wp-content\/uploads\/2009\/05\/windowslivewritercostillasasadasamericanas-1060dcostillas2-60869d17-8757-4fdc-9c00-8e71cd852255.jpg","type":"image\/jpeg"}],"author":"maripepa","twitter_card":"summary_large_image","twitter_misc":{"Escrito por":"maripepa","Tiempo de lectura":"2 minutos"},"schema":{"@context":"https:\/\/schema.org","@graph":[{"@type":"Article","@id":"https:\/\/migranitodesal.com\/?p=553#article","isPartOf":{"@id":"https:\/\/migranitodesal.com\/?p=553"},"author":{"name":"maripepa","@id":"https:\/\/migranitodesal.com\/#\/schema\/person\/2674140d5dd1b720f9b1e6d01e66dd12"},"headline":"Costillas asadas americanas","datePublished":"2009-05-21T16:38:27+00:00","dateModified":"2024-02-11T16:47:37+00:00","mainEntityOfPage":{"@id":"https:\/\/migranitodesal.com\/?p=553"},"wordCount":314,"commentCount":4,"publisher":{"@id":"https:\/\/migranitodesal.com\/#\/schema\/person\/2674140d5dd1b720f9b1e6d01e66dd12"},"image":{"@id":"https:\/\/migranitodesal.com\/?p=553#primaryimage"},"thumbnailUrl":"https:\/\/migranitodesal.com\/wp-content\/uploads\/2009\/05\/windowslivewritercostillasasadasamericanas-1060dcostillas2-60869d17-8757-4fdc-9c00-8e71cd852255.jpg","articleSection":["Varios"],"inLanguage":"es","potentialAction":[{"@type":"CommentAction","name":"Comment","target":["https:\/\/migranitodesal.com\/?p=553#respond"]}]},{"@type":"WebPage","@id":"https:\/\/migranitodesal.com\/?p=553","url":"https:\/\/migranitodesal.com\/?p=553","name":"Costillas asadas americanas - Mi granito de sal.","isPartOf":{"@id":"https:\/\/migranitodesal.com\/#website"},"primaryImageOfPage":{"@id":"https:\/\/migranitodesal.com\/?p=553#primaryimage"},"image":{"@id":"https:\/\/migranitodesal.com\/?p=553#primaryimage"},"thumbnailUrl":"https:\/\/migranitodesal.com\/wp-content\/uploads\/2009\/05\/windowslivewritercostillasasadasamericanas-1060dcostillas2-60869d17-8757-4fdc-9c00-8e71cd852255.jpg","datePublished":"2009-05-21T16:38:27+00:00","dateModified":"2024-02-11T16:47:37+00:00","breadcrumb":{"@id":"https:\/\/migranitodesal.com\/?p=553#breadcrumb"},"inLanguage":"es","potentialAction":[{"@type":"ReadAction","target":["https:\/\/migranitodesal.com\/?p=553"]}]},{"@type":"ImageObject","inLanguage":"es","@id":"https:\/\/migranitodesal.com\/?p=553#primaryimage","url":"https:\/\/migranitodesal.com\/wp-content\/uploads\/2009\/05\/windowslivewritercostillasasadasamericanas-1060dcostillas2-60869d17-8757-4fdc-9c00-8e71cd852255.jpg","contentUrl":"https:\/\/migranitodesal.com\/wp-content\/uploads\/2009\/05\/windowslivewritercostillasasadasamericanas-1060dcostillas2-60869d17-8757-4fdc-9c00-8e71cd852255.jpg","width":504,"height":379},{"@type":"BreadcrumbList","@id":"https:\/\/migranitodesal.com\/?p=553#breadcrumb","itemListElement":[{"@type":"ListItem","position":1,"name":"Portada","item":"https:\/\/migranitodesal.com\/"},{"@type":"ListItem","position":2,"name":"Costillas asadas americanas"}]},{"@type":"WebSite","@id":"https:\/\/migranitodesal.com\/#website","url":"https:\/\/migranitodesal.com\/","name":"Mi granito de sal.","description":"Aqu\u00ed est\u00e1 lo que a lo largo del tiempo he ido aprendiendo","publisher":{"@id":"https:\/\/migranitodesal.com\/#\/schema\/person\/2674140d5dd1b720f9b1e6d01e66dd12"},"potentialAction":[{"@type":"SearchAction","target":{"@type":"EntryPoint","urlTemplate":"https:\/\/migranitodesal.com\/?s={search_term_string}"},"query-input":"required name=search_term_string"}],"inLanguage":"es"},{"@type":["Person","Organization"],"@id":"https:\/\/migranitodesal.com\/#\/schema\/person\/2674140d5dd1b720f9b1e6d01e66dd12","name":"maripepa","image":{"@type":"ImageObject","inLanguage":"es","@id":"https:\/\/migranitodesal.com\/#\/schema\/person\/image\/","url":"https:\/\/secure.gravatar.com\/avatar\/2a325d07cd3c812fab8706d3b75aa541?s=96&d=mm&r=g","contentUrl":"https:\/\/secure.gravatar.com\/avatar\/2a325d07cd3c812fab8706d3b75aa541?s=96&d=mm&r=g","caption":"maripepa"},"logo":{"@id":"https:\/\/migranitodesal.com\/#\/schema\/person\/image\/"},"sameAs":["http:\/\/www.migranitodesal.com"],"url":"https:\/\/migranitodesal.com\/?author=1"}]}},"_links":{"self":[{"href":"https:\/\/migranitodesal.com\/index.php?rest_route=\/wp\/v2\/posts\/553"}],"collection":[{"href":"https:\/\/migranitodesal.com\/index.php?rest_route=\/wp\/v2\/posts"}],"about":[{"href":"https:\/\/migranitodesal.com\/index.php?rest_route=\/wp\/v2\/types\/post"}],"author":[{"embeddable":true,"href":"https:\/\/migranitodesal.com\/index.php?rest_route=\/wp\/v2\/users\/1"}],"replies":[{"embeddable":true,"href":"https:\/\/migranitodesal.com\/index.php?rest_route=%2Fwp%2Fv2%2Fcomments&post=553"}],"version-history":[{"count":2,"href":"https:\/\/migranitodesal.com\/index.php?rest_route=\/wp\/v2\/posts\/553\/revisions"}],"predecessor-version":[{"id":1752,"href":"https:\/\/migranitodesal.com\/index.php?rest_route=\/wp\/v2\/posts\/553\/revisions\/1752"}],"wp:featuredmedia":[{"embeddable":true,"href":"https:\/\/migranitodesal.com\/index.php?rest_route=\/wp\/v2\/media\/551"}],"wp:attachment":[{"href":"https:\/\/migranitodesal.com\/index.php?rest_route=%2Fwp%2Fv2%2Fmedia&parent=553"}],"wp:term":[{"taxonomy":"category","embeddable":true,"href":"https:\/\/migranitodesal.com\/index.php?rest_route=%2Fwp%2Fv2%2Fcategories&post=553"},{"taxonomy":"post_tag","embeddable":true,"href":"https:\/\/migranitodesal.com\/index.php?rest_route=%2Fwp%2Fv2%2Ftags&post=553"}],"curies":[{"name":"wp","href":"https:\/\/api.w.org\/{rel}","templated":true}]}}