{"id":589,"date":"2010-01-26T20:43:23","date_gmt":"2010-01-26T19:43:23","guid":{"rendered":"http:\/\/migranitodesal.com\/?p=589"},"modified":"2024-02-11T17:15:44","modified_gmt":"2024-02-11T16:15:44","slug":"flaons-dels-monjos","status":"publish","type":"post","link":"https:\/\/migranitodesal.com\/?p=589","title":{"rendered":"Flaons dels monjos"},"content":{"rendered":"\n<p>El otro d\u00eda rebuscando tipos de harinas, d\u00ed con esta receta por casualidad y enseguida pens\u00e9 que quer\u00eda probarla, pero no tenia el mat\u00f3.<\/p>\n\n\n\n<p>Ya estaba dispuesta a hacerlo, pero una chica me dijo que en el Lidl lo ten\u00edan, all\u00ed me he ido y ya he hecho los flaons.<\/p>\n\n\n\n<p>Parece ser una receta de la \u00e9poca medieval que los monjes de San Cugat comen en fechas especiales.<\/p>\n\n\n\n<p>Nada tiene que ver con el fla\u00f3 ibicenco, tampoco con magdalenas ni muffins, (solo es el envoltorio) es como un tipo de bollo crujiente por fuera.<\/p>\n\n\n\n<p>Quiz\u00e1s a las muy golosas les parezca que les falta un poco de az\u00facar, para m\u00ed que no soy golosa, est\u00e1n en su punto.<\/p>\n\n\n\n<p>Os los recomiendo.<\/p>\n\n\n\n<p>Los hice en thermomix, pero creo que mejor seria en un bol a mano o en la Kitchen-Aid es una masa pegajosa y se pone todo pringado, cuchillas y dem\u00e1s.<\/p>\n\n\n\n<p><u>Ingredientes:<\/u><\/p>\n\n\n\n<p>2 huevos<\/p>\n\n\n\n<p>40 grs. de miel de azahar<\/p>\n\n\n\n<p>150 grs. de mat\u00f3 o reques\u00f3n<\/p>\n\n\n\n<p>110 grs. de az\u00facar<\/p>\n\n\n\n<p>250 grs. de almendra molida<\/p>\n\n\n\n<p>300 grs. de harina<\/p>\n\n\n\n<p>10 grs. de levadura de reposter\u00eda<\/p>\n\n\n\n<p>\u00bd ralladura de un lim\u00f3n<\/p>\n\n\n\n<p>Como ver\u00e9is no segu\u00ed las cantidades que pon\u00eda la receta, 1\u00ba porque quise a\u00f1adirle un pel\u00edn m\u00e1s de dulce, la harina: porque no bastaba para lo que dec\u00edan las explicaciones y la ralladura porque me pareci\u00f3 que pegar\u00eda bien.<\/p>\n\n\n\n<p><u>Elaboraci\u00f3n:<\/u><\/p>\n\n\n\n<p>Mezclar la almendra molida, la harina y la levadura (reservar)<\/p>\n\n\n\n<p>Batir los huevos con el az\u00facar, a\u00f1adir la miel y batir un poco m\u00e1s.<\/p>\n\n\n\n<p>A\u00f1adir el mat\u00f3, la ralladura y mezclar.<\/p>\n\n\n\n<p>Agregar las harinas y amasar un poco.<\/p>\n\n\n\n<p>Hacer bolitas (eso es imposible) o sea que lo hice con 2 cucharas y rellenar los moldes a \u00be<\/p>\n\n\n\n<p>Nota: aunque queden feos no pasa nada, en el horno suben y se pone la masa en su sitio.<\/p>\n\n\n\n<p>Meter al horno 24 minutos a 200\u00ba solo horno abajo y 3 minutos m\u00e1s abajo y turbo.<\/p>\n\n\n\n<p>Aqu\u00ed la encontr\u00e9 <a href=\"http:\/\/gentjovepatou.blogspot.com\/2009\/01\/fla-dels-monjos-de-sant-cugat.html\" target=\"_blank\" rel=\"noopener\">http:\/\/gentjovepatou.blogspot.com\/2009\/01\/fla-dels-monjos-de-sant-cugat.html<\/a><\/p>\n\n\n\n<p>Que aprovechen!!!!!!<\/p>\n","protected":false},"excerpt":{"rendered":"<p>El otro d\u00eda rebuscando tipos de harinas, d\u00ed con esta receta por casualidad y enseguida pens\u00e9 que quer\u00eda probarla, pero no tenia el mat\u00f3. Ya estaba dispuesta a hacerlo, pero una chica me dijo que en el Lidl lo ten\u00edan, all\u00ed me he ido y ya he hecho los flaons. Parece ser una receta de la \u00e9poca medieval que los monjes de San Cugat comen en fechas especiales. Nada tiene que ver con el fla\u00f3 ibicenco, tampoco con magdalenas ni muffins, (solo es el envoltorio) es como un tipo de bollo crujiente por fuera. Quiz\u00e1s a las muy golosas les parezca que les falta un poco de az\u00facar, para m\u00ed que no soy golosa, est\u00e1n en su punto. Os los recomiendo. Los hice en thermomix, pero creo que mejor seria en un bol a mano o en la Kitchen-Aid es una masa pegajosa y se pone todo pringado, cuchillas y dem\u00e1s. Ingredientes: 2 huevos 40 grs. de miel de azahar 150 grs. de mat\u00f3 o reques\u00f3n 110 grs. de az\u00facar 250 grs. de almendra molida 300 grs. de harina 10 grs. de levadura de reposter\u00eda \u00bd ralladura de un lim\u00f3n Como ver\u00e9is no segu\u00ed las cantidades que pon\u00eda la receta, 1\u00ba porque quise a\u00f1adirle un pel\u00edn m\u00e1s de dulce, la harina: porque no bastaba para lo que dec\u00edan las explicaciones y la ralladura porque me pareci\u00f3 que pegar\u00eda bien. Elaboraci\u00f3n: Mezclar la almendra molida, la harina y la levadura (reservar) Batir los huevos con el az\u00facar, a\u00f1adir la miel y batir un poco m\u00e1s. A\u00f1adir el mat\u00f3, la ralladura y mezclar. Agregar las harinas y amasar un poco. Hacer bolitas (eso es imposible) o sea que lo hice con 2 cucharas y rellenar los moldes a \u00be Nota: aunque queden feos no pasa nada, en el horno suben y se pone la masa en su sitio. Meter al horno 24 minutos a 200\u00ba solo horno abajo y 3 minutos m\u00e1s abajo y turbo. Aqu\u00ed la encontr\u00e9 http:\/\/gentjovepatou.blogspot.com\/2009\/01\/fla-dels-monjos-de-sant-cugat.html Que aprovechen!!!!!!<\/p>\n","protected":false},"author":1,"featured_media":588,"comment_status":"open","ping_status":"open","sticky":false,"template":"","format":"standard","meta":{"footnotes":""},"categories":[19],"tags":[],"acf":[],"yoast_head":"<!-- This site is optimized with the Yoast SEO plugin v22.6 - https:\/\/yoast.com\/wordpress\/plugins\/seo\/ -->\n<title>Flaons dels monjos - Mi granito de sal.<\/title>\n<meta name=\"robots\" content=\"index, follow, max-snippet:-1, max-image-preview:large, max-video-preview:-1\" \/>\n<link rel=\"canonical\" href=\"https:\/\/migranitodesal.com\/?p=589\" \/>\n<meta property=\"og:locale\" content=\"es_ES\" \/>\n<meta property=\"og:type\" content=\"article\" \/>\n<meta property=\"og:title\" content=\"Flaons dels monjos - Mi granito de sal.\" \/>\n<meta property=\"og:description\" content=\"El otro d\u00eda rebuscando tipos de harinas, d\u00ed con esta receta por casualidad y enseguida pens\u00e9 que quer\u00eda probarla, pero no tenia el mat\u00f3. Ya estaba dispuesta a hacerlo, pero una chica me dijo que en el Lidl lo ten\u00edan, all\u00ed me he ido y ya he hecho los flaons. Parece ser una receta de la \u00e9poca medieval que los monjes de San Cugat comen en fechas especiales. Nada tiene que ver con el fla\u00f3 ibicenco, tampoco con magdalenas ni muffins, (solo es el envoltorio) es como un tipo de bollo crujiente por fuera. Quiz\u00e1s a las muy golosas les parezca que les falta un poco de az\u00facar, para m\u00ed que no soy golosa, est\u00e1n en su punto. Os los recomiendo. Los hice en thermomix, pero creo que mejor seria en un bol a mano o en la Kitchen-Aid es una masa pegajosa y se pone todo pringado, cuchillas y dem\u00e1s. Ingredientes: 2 huevos 40 grs. de miel de azahar 150 grs. de mat\u00f3 o reques\u00f3n 110 grs. de az\u00facar 250 grs. de almendra molida 300 grs. de harina 10 grs. de levadura de reposter\u00eda \u00bd ralladura de un lim\u00f3n Como ver\u00e9is no segu\u00ed las cantidades que pon\u00eda la receta, 1\u00ba porque quise a\u00f1adirle un pel\u00edn m\u00e1s de dulce, la harina: porque no bastaba para lo que dec\u00edan las explicaciones y la ralladura porque me pareci\u00f3 que pegar\u00eda bien. Elaboraci\u00f3n: Mezclar la almendra molida, la harina y la levadura (reservar) Batir los huevos con el az\u00facar, a\u00f1adir la miel y batir un poco m\u00e1s. A\u00f1adir el mat\u00f3, la ralladura y mezclar. Agregar las harinas y amasar un poco. Hacer bolitas (eso es imposible) o sea que lo hice con 2 cucharas y rellenar los moldes a \u00be Nota: aunque queden feos no pasa nada, en el horno suben y se pone la masa en su sitio. Meter al horno 24 minutos a 200\u00ba solo horno abajo y 3 minutos m\u00e1s abajo y turbo. Aqu\u00ed la encontr\u00e9 http:\/\/gentjovepatou.blogspot.com\/2009\/01\/fla-dels-monjos-de-sant-cugat.html Que aprovechen!!!!!!\" \/>\n<meta property=\"og:url\" content=\"https:\/\/migranitodesal.com\/?p=589\" \/>\n<meta property=\"og:site_name\" content=\"Mi granito de sal.\" \/>\n<meta property=\"article:published_time\" content=\"2010-01-26T19:43:23+00:00\" \/>\n<meta property=\"article:modified_time\" content=\"2024-02-11T16:15:44+00:00\" \/>\n<meta property=\"og:image\" content=\"https:\/\/migranitodesal.com\/wp-content\/uploads\/2010\/01\/flaonsmonjos.jpg\" \/>\n\t<meta property=\"og:image:width\" content=\"504\" \/>\n\t<meta property=\"og:image:height\" content=\"379\" \/>\n\t<meta property=\"og:image:type\" content=\"image\/jpeg\" \/>\n<meta name=\"author\" content=\"maripepa\" \/>\n<meta name=\"twitter:card\" content=\"summary_large_image\" \/>\n<meta name=\"twitter:label1\" content=\"Escrito por\" \/>\n\t<meta name=\"twitter:data1\" content=\"maripepa\" \/>\n\t<meta name=\"twitter:label2\" content=\"Tiempo de lectura\" \/>\n\t<meta name=\"twitter:data2\" content=\"2 minutos\" \/>\n<script type=\"application\/ld+json\" class=\"yoast-schema-graph\">{\"@context\":\"https:\/\/schema.org\",\"@graph\":[{\"@type\":\"Article\",\"@id\":\"https:\/\/migranitodesal.com\/?p=589#article\",\"isPartOf\":{\"@id\":\"https:\/\/migranitodesal.com\/?p=589\"},\"author\":{\"name\":\"maripepa\",\"@id\":\"https:\/\/migranitodesal.com\/#\/schema\/person\/2674140d5dd1b720f9b1e6d01e66dd12\"},\"headline\":\"Flaons dels monjos\",\"datePublished\":\"2010-01-26T19:43:23+00:00\",\"dateModified\":\"2024-02-11T16:15:44+00:00\",\"mainEntityOfPage\":{\"@id\":\"https:\/\/migranitodesal.com\/?p=589\"},\"wordCount\":347,\"commentCount\":5,\"publisher\":{\"@id\":\"https:\/\/migranitodesal.com\/#\/schema\/person\/2674140d5dd1b720f9b1e6d01e66dd12\"},\"image\":{\"@id\":\"https:\/\/migranitodesal.com\/?p=589#primaryimage\"},\"thumbnailUrl\":\"https:\/\/migranitodesal.com\/wp-content\/uploads\/2010\/01\/flaonsmonjos.jpg\",\"articleSection\":[\"Boller\u00eda Dulce\"],\"inLanguage\":\"es\",\"potentialAction\":[{\"@type\":\"CommentAction\",\"name\":\"Comment\",\"target\":[\"https:\/\/migranitodesal.com\/?p=589#respond\"]}]},{\"@type\":\"WebPage\",\"@id\":\"https:\/\/migranitodesal.com\/?p=589\",\"url\":\"https:\/\/migranitodesal.com\/?p=589\",\"name\":\"Flaons dels monjos - Mi granito de sal.\",\"isPartOf\":{\"@id\":\"https:\/\/migranitodesal.com\/#website\"},\"primaryImageOfPage\":{\"@id\":\"https:\/\/migranitodesal.com\/?p=589#primaryimage\"},\"image\":{\"@id\":\"https:\/\/migranitodesal.com\/?p=589#primaryimage\"},\"thumbnailUrl\":\"https:\/\/migranitodesal.com\/wp-content\/uploads\/2010\/01\/flaonsmonjos.jpg\",\"datePublished\":\"2010-01-26T19:43:23+00:00\",\"dateModified\":\"2024-02-11T16:15:44+00:00\",\"breadcrumb\":{\"@id\":\"https:\/\/migranitodesal.com\/?p=589#breadcrumb\"},\"inLanguage\":\"es\",\"potentialAction\":[{\"@type\":\"ReadAction\",\"target\":[\"https:\/\/migranitodesal.com\/?p=589\"]}]},{\"@type\":\"ImageObject\",\"inLanguage\":\"es\",\"@id\":\"https:\/\/migranitodesal.com\/?p=589#primaryimage\",\"url\":\"https:\/\/migranitodesal.com\/wp-content\/uploads\/2010\/01\/flaonsmonjos.jpg\",\"contentUrl\":\"https:\/\/migranitodesal.com\/wp-content\/uploads\/2010\/01\/flaonsmonjos.jpg\",\"width\":504,\"height\":379},{\"@type\":\"BreadcrumbList\",\"@id\":\"https:\/\/migranitodesal.com\/?p=589#breadcrumb\",\"itemListElement\":[{\"@type\":\"ListItem\",\"position\":1,\"name\":\"Portada\",\"item\":\"https:\/\/migranitodesal.com\/\"},{\"@type\":\"ListItem\",\"position\":2,\"name\":\"Flaons dels monjos\"}]},{\"@type\":\"WebSite\",\"@id\":\"https:\/\/migranitodesal.com\/#website\",\"url\":\"https:\/\/migranitodesal.com\/\",\"name\":\"Mi granito de sal.\",\"description\":\"Aqu\u00ed est\u00e1 lo que a lo largo del tiempo he ido aprendiendo\",\"publisher\":{\"@id\":\"https:\/\/migranitodesal.com\/#\/schema\/person\/2674140d5dd1b720f9b1e6d01e66dd12\"},\"potentialAction\":[{\"@type\":\"SearchAction\",\"target\":{\"@type\":\"EntryPoint\",\"urlTemplate\":\"https:\/\/migranitodesal.com\/?s={search_term_string}\"},\"query-input\":\"required name=search_term_string\"}],\"inLanguage\":\"es\"},{\"@type\":[\"Person\",\"Organization\"],\"@id\":\"https:\/\/migranitodesal.com\/#\/schema\/person\/2674140d5dd1b720f9b1e6d01e66dd12\",\"name\":\"maripepa\",\"image\":{\"@type\":\"ImageObject\",\"inLanguage\":\"es\",\"@id\":\"https:\/\/migranitodesal.com\/#\/schema\/person\/image\/\",\"url\":\"https:\/\/secure.gravatar.com\/avatar\/2a325d07cd3c812fab8706d3b75aa541?s=96&d=mm&r=g\",\"contentUrl\":\"https:\/\/secure.gravatar.com\/avatar\/2a325d07cd3c812fab8706d3b75aa541?s=96&d=mm&r=g\",\"caption\":\"maripepa\"},\"logo\":{\"@id\":\"https:\/\/migranitodesal.com\/#\/schema\/person\/image\/\"},\"sameAs\":[\"http:\/\/www.migranitodesal.com\"],\"url\":\"https:\/\/migranitodesal.com\/?author=1\"}]}<\/script>\n<!-- \/ Yoast SEO plugin. -->","yoast_head_json":{"title":"Flaons dels monjos - Mi granito de sal.","robots":{"index":"index","follow":"follow","max-snippet":"max-snippet:-1","max-image-preview":"max-image-preview:large","max-video-preview":"max-video-preview:-1"},"canonical":"https:\/\/migranitodesal.com\/?p=589","og_locale":"es_ES","og_type":"article","og_title":"Flaons dels monjos - Mi granito de sal.","og_description":"El otro d\u00eda rebuscando tipos de harinas, d\u00ed con esta receta por casualidad y enseguida pens\u00e9 que quer\u00eda probarla, pero no tenia el mat\u00f3. Ya estaba dispuesta a hacerlo, pero una chica me dijo que en el Lidl lo ten\u00edan, all\u00ed me he ido y ya he hecho los flaons. Parece ser una receta de la \u00e9poca medieval que los monjes de San Cugat comen en fechas especiales. Nada tiene que ver con el fla\u00f3 ibicenco, tampoco con magdalenas ni muffins, (solo es el envoltorio) es como un tipo de bollo crujiente por fuera. Quiz\u00e1s a las muy golosas les parezca que les falta un poco de az\u00facar, para m\u00ed que no soy golosa, est\u00e1n en su punto. Os los recomiendo. Los hice en thermomix, pero creo que mejor seria en un bol a mano o en la Kitchen-Aid es una masa pegajosa y se pone todo pringado, cuchillas y dem\u00e1s. Ingredientes: 2 huevos 40 grs. de miel de azahar 150 grs. de mat\u00f3 o reques\u00f3n 110 grs. de az\u00facar 250 grs. de almendra molida 300 grs. de harina 10 grs. de levadura de reposter\u00eda \u00bd ralladura de un lim\u00f3n Como ver\u00e9is no segu\u00ed las cantidades que pon\u00eda la receta, 1\u00ba porque quise a\u00f1adirle un pel\u00edn m\u00e1s de dulce, la harina: porque no bastaba para lo que dec\u00edan las explicaciones y la ralladura porque me pareci\u00f3 que pegar\u00eda bien. Elaboraci\u00f3n: Mezclar la almendra molida, la harina y la levadura (reservar) Batir los huevos con el az\u00facar, a\u00f1adir la miel y batir un poco m\u00e1s. A\u00f1adir el mat\u00f3, la ralladura y mezclar. Agregar las harinas y amasar un poco. Hacer bolitas (eso es imposible) o sea que lo hice con 2 cucharas y rellenar los moldes a \u00be Nota: aunque queden feos no pasa nada, en el horno suben y se pone la masa en su sitio. Meter al horno 24 minutos a 200\u00ba solo horno abajo y 3 minutos m\u00e1s abajo y turbo. Aqu\u00ed la encontr\u00e9 http:\/\/gentjovepatou.blogspot.com\/2009\/01\/fla-dels-monjos-de-sant-cugat.html Que aprovechen!!!!!!","og_url":"https:\/\/migranitodesal.com\/?p=589","og_site_name":"Mi granito de sal.","article_published_time":"2010-01-26T19:43:23+00:00","article_modified_time":"2024-02-11T16:15:44+00:00","og_image":[{"width":504,"height":379,"url":"https:\/\/migranitodesal.com\/wp-content\/uploads\/2010\/01\/flaonsmonjos.jpg","type":"image\/jpeg"}],"author":"maripepa","twitter_card":"summary_large_image","twitter_misc":{"Escrito por":"maripepa","Tiempo de lectura":"2 minutos"},"schema":{"@context":"https:\/\/schema.org","@graph":[{"@type":"Article","@id":"https:\/\/migranitodesal.com\/?p=589#article","isPartOf":{"@id":"https:\/\/migranitodesal.com\/?p=589"},"author":{"name":"maripepa","@id":"https:\/\/migranitodesal.com\/#\/schema\/person\/2674140d5dd1b720f9b1e6d01e66dd12"},"headline":"Flaons dels monjos","datePublished":"2010-01-26T19:43:23+00:00","dateModified":"2024-02-11T16:15:44+00:00","mainEntityOfPage":{"@id":"https:\/\/migranitodesal.com\/?p=589"},"wordCount":347,"commentCount":5,"publisher":{"@id":"https:\/\/migranitodesal.com\/#\/schema\/person\/2674140d5dd1b720f9b1e6d01e66dd12"},"image":{"@id":"https:\/\/migranitodesal.com\/?p=589#primaryimage"},"thumbnailUrl":"https:\/\/migranitodesal.com\/wp-content\/uploads\/2010\/01\/flaonsmonjos.jpg","articleSection":["Boller\u00eda Dulce"],"inLanguage":"es","potentialAction":[{"@type":"CommentAction","name":"Comment","target":["https:\/\/migranitodesal.com\/?p=589#respond"]}]},{"@type":"WebPage","@id":"https:\/\/migranitodesal.com\/?p=589","url":"https:\/\/migranitodesal.com\/?p=589","name":"Flaons dels monjos - Mi granito de sal.","isPartOf":{"@id":"https:\/\/migranitodesal.com\/#website"},"primaryImageOfPage":{"@id":"https:\/\/migranitodesal.com\/?p=589#primaryimage"},"image":{"@id":"https:\/\/migranitodesal.com\/?p=589#primaryimage"},"thumbnailUrl":"https:\/\/migranitodesal.com\/wp-content\/uploads\/2010\/01\/flaonsmonjos.jpg","datePublished":"2010-01-26T19:43:23+00:00","dateModified":"2024-02-11T16:15:44+00:00","breadcrumb":{"@id":"https:\/\/migranitodesal.com\/?p=589#breadcrumb"},"inLanguage":"es","potentialAction":[{"@type":"ReadAction","target":["https:\/\/migranitodesal.com\/?p=589"]}]},{"@type":"ImageObject","inLanguage":"es","@id":"https:\/\/migranitodesal.com\/?p=589#primaryimage","url":"https:\/\/migranitodesal.com\/wp-content\/uploads\/2010\/01\/flaonsmonjos.jpg","contentUrl":"https:\/\/migranitodesal.com\/wp-content\/uploads\/2010\/01\/flaonsmonjos.jpg","width":504,"height":379},{"@type":"BreadcrumbList","@id":"https:\/\/migranitodesal.com\/?p=589#breadcrumb","itemListElement":[{"@type":"ListItem","position":1,"name":"Portada","item":"https:\/\/migranitodesal.com\/"},{"@type":"ListItem","position":2,"name":"Flaons dels monjos"}]},{"@type":"WebSite","@id":"https:\/\/migranitodesal.com\/#website","url":"https:\/\/migranitodesal.com\/","name":"Mi granito de sal.","description":"Aqu\u00ed est\u00e1 lo que a lo largo del tiempo he ido aprendiendo","publisher":{"@id":"https:\/\/migranitodesal.com\/#\/schema\/person\/2674140d5dd1b720f9b1e6d01e66dd12"},"potentialAction":[{"@type":"SearchAction","target":{"@type":"EntryPoint","urlTemplate":"https:\/\/migranitodesal.com\/?s={search_term_string}"},"query-input":"required name=search_term_string"}],"inLanguage":"es"},{"@type":["Person","Organization"],"@id":"https:\/\/migranitodesal.com\/#\/schema\/person\/2674140d5dd1b720f9b1e6d01e66dd12","name":"maripepa","image":{"@type":"ImageObject","inLanguage":"es","@id":"https:\/\/migranitodesal.com\/#\/schema\/person\/image\/","url":"https:\/\/secure.gravatar.com\/avatar\/2a325d07cd3c812fab8706d3b75aa541?s=96&d=mm&r=g","contentUrl":"https:\/\/secure.gravatar.com\/avatar\/2a325d07cd3c812fab8706d3b75aa541?s=96&d=mm&r=g","caption":"maripepa"},"logo":{"@id":"https:\/\/migranitodesal.com\/#\/schema\/person\/image\/"},"sameAs":["http:\/\/www.migranitodesal.com"],"url":"https:\/\/migranitodesal.com\/?author=1"}]}},"_links":{"self":[{"href":"https:\/\/migranitodesal.com\/index.php?rest_route=\/wp\/v2\/posts\/589"}],"collection":[{"href":"https:\/\/migranitodesal.com\/index.php?rest_route=\/wp\/v2\/posts"}],"about":[{"href":"https:\/\/migranitodesal.com\/index.php?rest_route=\/wp\/v2\/types\/post"}],"author":[{"embeddable":true,"href":"https:\/\/migranitodesal.com\/index.php?rest_route=\/wp\/v2\/users\/1"}],"replies":[{"embeddable":true,"href":"https:\/\/migranitodesal.com\/index.php?rest_route=%2Fwp%2Fv2%2Fcomments&post=589"}],"version-history":[{"count":3,"href":"https:\/\/migranitodesal.com\/index.php?rest_route=\/wp\/v2\/posts\/589\/revisions"}],"predecessor-version":[{"id":1733,"href":"https:\/\/migranitodesal.com\/index.php?rest_route=\/wp\/v2\/posts\/589\/revisions\/1733"}],"wp:featuredmedia":[{"embeddable":true,"href":"https:\/\/migranitodesal.com\/index.php?rest_route=\/wp\/v2\/media\/588"}],"wp:attachment":[{"href":"https:\/\/migranitodesal.com\/index.php?rest_route=%2Fwp%2Fv2%2Fmedia&parent=589"}],"wp:term":[{"taxonomy":"category","embeddable":true,"href":"https:\/\/migranitodesal.com\/index.php?rest_route=%2Fwp%2Fv2%2Fcategories&post=589"},{"taxonomy":"post_tag","embeddable":true,"href":"https:\/\/migranitodesal.com\/index.php?rest_route=%2Fwp%2Fv2%2Ftags&post=589"}],"curies":[{"name":"wp","href":"https:\/\/api.w.org\/{rel}","templated":true}]}}