{"id":993,"date":"2015-02-26T21:01:24","date_gmt":"2015-02-26T20:01:24","guid":{"rendered":"http:\/\/migranitodesal.com\/?p=993"},"modified":"2024-02-11T18:54:04","modified_gmt":"2024-02-11T17:54:04","slug":"lomo-iberico-confitado","status":"publish","type":"post","link":"https:\/\/migranitodesal.com\/?p=993","title":{"rendered":"Lomo ib\u00e9rico confitado"},"content":{"rendered":"\n<p>Hola, como lo prometido es deuda, aqu\u00ed ten\u00e9is mi primera experiencia con la Touch Pro, un delicioso lomo ib\u00e9rico confitado a baja temperatura que os recomiendo probar.<\/p>\n\n\n\n<p>Complicaci\u00f3n: ninguna, solo se necesita buena materia prima y hierbas arom\u00e1ticas frescas y como no, un buen aceite de oliva virgen para confitarlo.<\/p>\n\n\n\n<p>El resto lo hace la olla sola, nada de term\u00f3metro, nada de mantener temperaturas y pensar: se me cocer\u00e1, estar\u00e1 crudo?? Nada de eso, programar, darle su tiempo y envasar.<\/p>\n\n\n\n<p>Yo os recomiendo dejarlo al menos un d\u00eda de reposo y degustar<\/p>\n\n\n\n<figure class=\"wp-block-image alignnone size-full\"><a href=\"https:\/\/migranitodesal.com\/wp-content\/uploads\/2024\/02\/Lomo_iberico_confitado.jpg\"><img loading=\"lazy\" decoding=\"async\" width=\"500\" height=\"373\" src=\"https:\/\/migranitodesal.com\/wp-content\/uploads\/2024\/02\/Lomo_iberico_confitado.jpg\" alt=\"\" class=\"wp-image-1687\" srcset=\"https:\/\/migranitodesal.com\/wp-content\/uploads\/2024\/02\/Lomo_iberico_confitado.jpg 500w, https:\/\/migranitodesal.com\/wp-content\/uploads\/2024\/02\/Lomo_iberico_confitado-300x224.jpg 300w\" sizes=\"(max-width: 500px) 100vw, 500px\" \/><\/a><figcaption class=\"wp-element-caption\">Lomo ib\u00e9rico confitado en Fussioncook<\/figcaption><\/figure>\n\n\n\n<p><span style=\"text-decoration: underline;\"><strong>Ingredientes:<\/strong><\/span><\/p>\n\n\n\n<p><strong><span style=\"text-decoration: underline;\"><br><\/span><\/strong>Un lomo ( pesaba 1,300kg)<br>2 cabezas de ajos morados<br>2 guindillas, 12 pimientas negras<br>2 hojas de laurel, unas ramitas de tomillo fresco<br>Unas hojas de mejorana y unas ramitas de romero ( muy poco) y aceite<br>Un trocito de canela \u00abcassia\u00bb y la piel muy fina de medio lim\u00f3n<\/p>\n\n\n\n<figure class=\"wp-block-image alignnone size-full\"><a href=\"https:\/\/migranitodesal.com\/wp-content\/uploads\/2024\/02\/Lomo_iberico_ingredientes.jpg\"><img loading=\"lazy\" decoding=\"async\" width=\"500\" height=\"373\" src=\"https:\/\/migranitodesal.com\/wp-content\/uploads\/2024\/02\/Lomo_iberico_ingredientes.jpg\" alt=\"\" class=\"wp-image-1688\" srcset=\"https:\/\/migranitodesal.com\/wp-content\/uploads\/2024\/02\/Lomo_iberico_ingredientes.jpg 500w, https:\/\/migranitodesal.com\/wp-content\/uploads\/2024\/02\/Lomo_iberico_ingredientes-300x224.jpg 300w\" sizes=\"(max-width: 500px) 100vw, 500px\" \/><\/a><figcaption class=\"wp-element-caption\">Lomo ib\u00e9rico ingredientes<\/figcaption><\/figure>\n\n\n\n<p>Poner todo en la olla Fussioncook Touch Pro,&nbsp;el lomo en trozos de unos 4 dedos, con todos los ingredientes y cubrir de aceite de oliva virgen, mas o menos unos 800 cl<\/p>\n\n\n\n<figure class=\"wp-block-image alignnone size-full\"><a href=\"https:\/\/migranitodesal.com\/wp-content\/uploads\/2024\/02\/Lomo_iberico_aceite.jpg\"><img loading=\"lazy\" decoding=\"async\" width=\"500\" height=\"373\" src=\"https:\/\/migranitodesal.com\/wp-content\/uploads\/2024\/02\/Lomo_iberico_aceite.jpg\" alt=\"\" class=\"wp-image-1689\" srcset=\"https:\/\/migranitodesal.com\/wp-content\/uploads\/2024\/02\/Lomo_iberico_aceite.jpg 500w, https:\/\/migranitodesal.com\/wp-content\/uploads\/2024\/02\/Lomo_iberico_aceite-300x224.jpg 300w\" sizes=\"(max-width: 500px) 100vw, 500px\" \/><\/a><figcaption class=\"wp-element-caption\">Lomo ib\u00e9rico aceite<\/figcaption><\/figure>\n\n\n\n<p>Tapar la olla (Fussioncook TouchPro) y programar 4 horas a 70 grados<br>Cuando a\u00fan est\u00e9 tibio, envasarlo y repartir el aceite en los tarros, que cubra bien la carne.<\/p>\n\n\n\n<p>El aceite que sobre al sacar los trozos reservarlo para ali\u00f1ar ensaladas o para untar la plancha cuando hagamos carnes o pescado asadas.<\/p>\n\n\n\n<p>Que aproveche !!!!!!!<\/p>\n","protected":false},"excerpt":{"rendered":"<p>Hola, como lo prometido es deuda, aqu\u00ed ten\u00e9is mi primera experiencia con la Touch Pro, un delicioso lomo ib\u00e9rico confitado a baja temperatura que os recomiendo probar. Complicaci\u00f3n: ninguna, solo se necesita buena materia prima y hierbas arom\u00e1ticas frescas y como no, un buen aceite de oliva virgen para confitarlo. El resto lo hace la olla sola, nada de term\u00f3metro, nada de mantener temperaturas y pensar: se me cocer\u00e1, estar\u00e1 crudo?? Nada de eso, programar, darle su tiempo y envasar. Yo os recomiendo dejarlo al menos un d\u00eda de reposo y degustar Ingredientes: Un lomo ( pesaba 1,300kg)2 cabezas de ajos morados2 guindillas, 12 pimientas negras2 hojas de laurel, unas ramitas de tomillo frescoUnas hojas de mejorana y unas ramitas de romero ( muy poco) y aceiteUn trocito de canela \u00abcassia\u00bb y la piel muy fina de medio lim\u00f3n Poner todo en la olla Fussioncook Touch Pro,&nbsp;el lomo en trozos de unos 4 dedos, con todos los ingredientes y cubrir de aceite de oliva virgen, mas o menos unos 800 cl Tapar la olla (Fussioncook TouchPro) y programar 4 horas a 70 gradosCuando a\u00fan est\u00e9 tibio, envasarlo y repartir el aceite en los tarros, que cubra bien la carne. El aceite que sobre al sacar los trozos reservarlo para ali\u00f1ar ensaladas o para untar la plancha cuando hagamos carnes o pescado asadas. Que aproveche !!!!!!!<\/p>\n","protected":false},"author":1,"featured_media":1690,"comment_status":"open","ping_status":"open","sticky":false,"template":"","format":"standard","meta":{"footnotes":""},"categories":[7],"tags":[],"acf":[],"yoast_head":"<!-- This site is optimized with the Yoast SEO plugin v22.6 - https:\/\/yoast.com\/wordpress\/plugins\/seo\/ -->\n<title>Lomo ib\u00e9rico confitado - Mi granito de sal.<\/title>\n<meta name=\"robots\" content=\"index, follow, max-snippet:-1, max-image-preview:large, max-video-preview:-1\" \/>\n<link rel=\"canonical\" href=\"https:\/\/migranitodesal.com\/?p=993\" \/>\n<meta property=\"og:locale\" content=\"es_ES\" \/>\n<meta property=\"og:type\" content=\"article\" \/>\n<meta property=\"og:title\" content=\"Lomo ib\u00e9rico confitado - Mi granito de sal.\" \/>\n<meta property=\"og:description\" content=\"Hola, como lo prometido es deuda, aqu\u00ed ten\u00e9is mi primera experiencia con la Touch Pro, un delicioso lomo ib\u00e9rico confitado a baja temperatura que os recomiendo probar. Complicaci\u00f3n: ninguna, solo se necesita buena materia prima y hierbas arom\u00e1ticas frescas y como no, un buen aceite de oliva virgen para confitarlo. El resto lo hace la olla sola, nada de term\u00f3metro, nada de mantener temperaturas y pensar: se me cocer\u00e1, estar\u00e1 crudo?? Nada de eso, programar, darle su tiempo y envasar. Yo os recomiendo dejarlo al menos un d\u00eda de reposo y degustar Ingredientes: Un lomo ( pesaba 1,300kg)2 cabezas de ajos morados2 guindillas, 12 pimientas negras2 hojas de laurel, unas ramitas de tomillo frescoUnas hojas de mejorana y unas ramitas de romero ( muy poco) y aceiteUn trocito de canela \u00abcassia\u00bb y la piel muy fina de medio lim\u00f3n Poner todo en la olla Fussioncook Touch Pro,&nbsp;el lomo en trozos de unos 4 dedos, con todos los ingredientes y cubrir de aceite de oliva virgen, mas o menos unos 800 cl Tapar la olla (Fussioncook TouchPro) y programar 4 horas a 70 gradosCuando a\u00fan est\u00e9 tibio, envasarlo y repartir el aceite en los tarros, que cubra bien la carne. El aceite que sobre al sacar los trozos reservarlo para ali\u00f1ar ensaladas o para untar la plancha cuando hagamos carnes o pescado asadas. Que aproveche !!!!!!!\" \/>\n<meta property=\"og:url\" content=\"https:\/\/migranitodesal.com\/?p=993\" \/>\n<meta property=\"og:site_name\" content=\"Mi granito de sal.\" \/>\n<meta property=\"article:published_time\" content=\"2015-02-26T20:01:24+00:00\" \/>\n<meta property=\"article:modified_time\" content=\"2024-02-11T17:54:04+00:00\" \/>\n<meta property=\"og:image\" content=\"https:\/\/migranitodesal.com\/wp-content\/uploads\/2024\/02\/Lomo_iberico_envasado.jpg\" \/>\n\t<meta property=\"og:image:width\" content=\"500\" \/>\n\t<meta property=\"og:image:height\" content=\"373\" \/>\n\t<meta property=\"og:image:type\" content=\"image\/jpeg\" \/>\n<meta name=\"author\" content=\"maripepa\" \/>\n<meta name=\"twitter:card\" content=\"summary_large_image\" \/>\n<meta name=\"twitter:label1\" content=\"Escrito por\" \/>\n\t<meta name=\"twitter:data1\" content=\"maripepa\" \/>\n\t<meta name=\"twitter:label2\" content=\"Tiempo de lectura\" \/>\n\t<meta name=\"twitter:data2\" content=\"1 minuto\" \/>\n<script type=\"application\/ld+json\" class=\"yoast-schema-graph\">{\"@context\":\"https:\/\/schema.org\",\"@graph\":[{\"@type\":\"Article\",\"@id\":\"https:\/\/migranitodesal.com\/?p=993#article\",\"isPartOf\":{\"@id\":\"https:\/\/migranitodesal.com\/?p=993\"},\"author\":{\"name\":\"maripepa\",\"@id\":\"https:\/\/migranitodesal.com\/#\/schema\/person\/2674140d5dd1b720f9b1e6d01e66dd12\"},\"headline\":\"Lomo ib\u00e9rico confitado\",\"datePublished\":\"2015-02-26T20:01:24+00:00\",\"dateModified\":\"2024-02-11T17:54:04+00:00\",\"mainEntityOfPage\":{\"@id\":\"https:\/\/migranitodesal.com\/?p=993\"},\"wordCount\":246,\"commentCount\":0,\"publisher\":{\"@id\":\"https:\/\/migranitodesal.com\/#\/schema\/person\/2674140d5dd1b720f9b1e6d01e66dd12\"},\"image\":{\"@id\":\"https:\/\/migranitodesal.com\/?p=993#primaryimage\"},\"thumbnailUrl\":\"https:\/\/migranitodesal.com\/wp-content\/uploads\/2024\/02\/Lomo_iberico_envasado.jpg\",\"articleSection\":[\"Varios\"],\"inLanguage\":\"es\",\"potentialAction\":[{\"@type\":\"CommentAction\",\"name\":\"Comment\",\"target\":[\"https:\/\/migranitodesal.com\/?p=993#respond\"]}]},{\"@type\":\"WebPage\",\"@id\":\"https:\/\/migranitodesal.com\/?p=993\",\"url\":\"https:\/\/migranitodesal.com\/?p=993\",\"name\":\"Lomo ib\u00e9rico confitado - Mi granito de sal.\",\"isPartOf\":{\"@id\":\"https:\/\/migranitodesal.com\/#website\"},\"primaryImageOfPage\":{\"@id\":\"https:\/\/migranitodesal.com\/?p=993#primaryimage\"},\"image\":{\"@id\":\"https:\/\/migranitodesal.com\/?p=993#primaryimage\"},\"thumbnailUrl\":\"https:\/\/migranitodesal.com\/wp-content\/uploads\/2024\/02\/Lomo_iberico_envasado.jpg\",\"datePublished\":\"2015-02-26T20:01:24+00:00\",\"dateModified\":\"2024-02-11T17:54:04+00:00\",\"breadcrumb\":{\"@id\":\"https:\/\/migranitodesal.com\/?p=993#breadcrumb\"},\"inLanguage\":\"es\",\"potentialAction\":[{\"@type\":\"ReadAction\",\"target\":[\"https:\/\/migranitodesal.com\/?p=993\"]}]},{\"@type\":\"ImageObject\",\"inLanguage\":\"es\",\"@id\":\"https:\/\/migranitodesal.com\/?p=993#primaryimage\",\"url\":\"https:\/\/migranitodesal.com\/wp-content\/uploads\/2024\/02\/Lomo_iberico_envasado.jpg\",\"contentUrl\":\"https:\/\/migranitodesal.com\/wp-content\/uploads\/2024\/02\/Lomo_iberico_envasado.jpg\",\"width\":500,\"height\":373},{\"@type\":\"BreadcrumbList\",\"@id\":\"https:\/\/migranitodesal.com\/?p=993#breadcrumb\",\"itemListElement\":[{\"@type\":\"ListItem\",\"position\":1,\"name\":\"Portada\",\"item\":\"https:\/\/migranitodesal.com\/\"},{\"@type\":\"ListItem\",\"position\":2,\"name\":\"Lomo ib\u00e9rico confitado\"}]},{\"@type\":\"WebSite\",\"@id\":\"https:\/\/migranitodesal.com\/#website\",\"url\":\"https:\/\/migranitodesal.com\/\",\"name\":\"Mi granito de sal.\",\"description\":\"Aqu\u00ed est\u00e1 lo que a lo largo del tiempo he ido aprendiendo\",\"publisher\":{\"@id\":\"https:\/\/migranitodesal.com\/#\/schema\/person\/2674140d5dd1b720f9b1e6d01e66dd12\"},\"potentialAction\":[{\"@type\":\"SearchAction\",\"target\":{\"@type\":\"EntryPoint\",\"urlTemplate\":\"https:\/\/migranitodesal.com\/?s={search_term_string}\"},\"query-input\":\"required name=search_term_string\"}],\"inLanguage\":\"es\"},{\"@type\":[\"Person\",\"Organization\"],\"@id\":\"https:\/\/migranitodesal.com\/#\/schema\/person\/2674140d5dd1b720f9b1e6d01e66dd12\",\"name\":\"maripepa\",\"image\":{\"@type\":\"ImageObject\",\"inLanguage\":\"es\",\"@id\":\"https:\/\/migranitodesal.com\/#\/schema\/person\/image\/\",\"url\":\"https:\/\/secure.gravatar.com\/avatar\/2a325d07cd3c812fab8706d3b75aa541?s=96&d=mm&r=g\",\"contentUrl\":\"https:\/\/secure.gravatar.com\/avatar\/2a325d07cd3c812fab8706d3b75aa541?s=96&d=mm&r=g\",\"caption\":\"maripepa\"},\"logo\":{\"@id\":\"https:\/\/migranitodesal.com\/#\/schema\/person\/image\/\"},\"sameAs\":[\"http:\/\/www.migranitodesal.com\"],\"url\":\"https:\/\/migranitodesal.com\/?author=1\"}]}<\/script>\n<!-- \/ Yoast SEO plugin. -->","yoast_head_json":{"title":"Lomo ib\u00e9rico confitado - Mi granito de sal.","robots":{"index":"index","follow":"follow","max-snippet":"max-snippet:-1","max-image-preview":"max-image-preview:large","max-video-preview":"max-video-preview:-1"},"canonical":"https:\/\/migranitodesal.com\/?p=993","og_locale":"es_ES","og_type":"article","og_title":"Lomo ib\u00e9rico confitado - Mi granito de sal.","og_description":"Hola, como lo prometido es deuda, aqu\u00ed ten\u00e9is mi primera experiencia con la Touch Pro, un delicioso lomo ib\u00e9rico confitado a baja temperatura que os recomiendo probar. Complicaci\u00f3n: ninguna, solo se necesita buena materia prima y hierbas arom\u00e1ticas frescas y como no, un buen aceite de oliva virgen para confitarlo. El resto lo hace la olla sola, nada de term\u00f3metro, nada de mantener temperaturas y pensar: se me cocer\u00e1, estar\u00e1 crudo?? Nada de eso, programar, darle su tiempo y envasar. Yo os recomiendo dejarlo al menos un d\u00eda de reposo y degustar Ingredientes: Un lomo ( pesaba 1,300kg)2 cabezas de ajos morados2 guindillas, 12 pimientas negras2 hojas de laurel, unas ramitas de tomillo frescoUnas hojas de mejorana y unas ramitas de romero ( muy poco) y aceiteUn trocito de canela \u00abcassia\u00bb y la piel muy fina de medio lim\u00f3n Poner todo en la olla Fussioncook Touch Pro,&nbsp;el lomo en trozos de unos 4 dedos, con todos los ingredientes y cubrir de aceite de oliva virgen, mas o menos unos 800 cl Tapar la olla (Fussioncook TouchPro) y programar 4 horas a 70 gradosCuando a\u00fan est\u00e9 tibio, envasarlo y repartir el aceite en los tarros, que cubra bien la carne. El aceite que sobre al sacar los trozos reservarlo para ali\u00f1ar ensaladas o para untar la plancha cuando hagamos carnes o pescado asadas. Que aproveche !!!!!!!","og_url":"https:\/\/migranitodesal.com\/?p=993","og_site_name":"Mi granito de sal.","article_published_time":"2015-02-26T20:01:24+00:00","article_modified_time":"2024-02-11T17:54:04+00:00","og_image":[{"width":500,"height":373,"url":"https:\/\/migranitodesal.com\/wp-content\/uploads\/2024\/02\/Lomo_iberico_envasado.jpg","type":"image\/jpeg"}],"author":"maripepa","twitter_card":"summary_large_image","twitter_misc":{"Escrito por":"maripepa","Tiempo de lectura":"1 minuto"},"schema":{"@context":"https:\/\/schema.org","@graph":[{"@type":"Article","@id":"https:\/\/migranitodesal.com\/?p=993#article","isPartOf":{"@id":"https:\/\/migranitodesal.com\/?p=993"},"author":{"name":"maripepa","@id":"https:\/\/migranitodesal.com\/#\/schema\/person\/2674140d5dd1b720f9b1e6d01e66dd12"},"headline":"Lomo ib\u00e9rico confitado","datePublished":"2015-02-26T20:01:24+00:00","dateModified":"2024-02-11T17:54:04+00:00","mainEntityOfPage":{"@id":"https:\/\/migranitodesal.com\/?p=993"},"wordCount":246,"commentCount":0,"publisher":{"@id":"https:\/\/migranitodesal.com\/#\/schema\/person\/2674140d5dd1b720f9b1e6d01e66dd12"},"image":{"@id":"https:\/\/migranitodesal.com\/?p=993#primaryimage"},"thumbnailUrl":"https:\/\/migranitodesal.com\/wp-content\/uploads\/2024\/02\/Lomo_iberico_envasado.jpg","articleSection":["Varios"],"inLanguage":"es","potentialAction":[{"@type":"CommentAction","name":"Comment","target":["https:\/\/migranitodesal.com\/?p=993#respond"]}]},{"@type":"WebPage","@id":"https:\/\/migranitodesal.com\/?p=993","url":"https:\/\/migranitodesal.com\/?p=993","name":"Lomo ib\u00e9rico confitado - Mi granito de sal.","isPartOf":{"@id":"https:\/\/migranitodesal.com\/#website"},"primaryImageOfPage":{"@id":"https:\/\/migranitodesal.com\/?p=993#primaryimage"},"image":{"@id":"https:\/\/migranitodesal.com\/?p=993#primaryimage"},"thumbnailUrl":"https:\/\/migranitodesal.com\/wp-content\/uploads\/2024\/02\/Lomo_iberico_envasado.jpg","datePublished":"2015-02-26T20:01:24+00:00","dateModified":"2024-02-11T17:54:04+00:00","breadcrumb":{"@id":"https:\/\/migranitodesal.com\/?p=993#breadcrumb"},"inLanguage":"es","potentialAction":[{"@type":"ReadAction","target":["https:\/\/migranitodesal.com\/?p=993"]}]},{"@type":"ImageObject","inLanguage":"es","@id":"https:\/\/migranitodesal.com\/?p=993#primaryimage","url":"https:\/\/migranitodesal.com\/wp-content\/uploads\/2024\/02\/Lomo_iberico_envasado.jpg","contentUrl":"https:\/\/migranitodesal.com\/wp-content\/uploads\/2024\/02\/Lomo_iberico_envasado.jpg","width":500,"height":373},{"@type":"BreadcrumbList","@id":"https:\/\/migranitodesal.com\/?p=993#breadcrumb","itemListElement":[{"@type":"ListItem","position":1,"name":"Portada","item":"https:\/\/migranitodesal.com\/"},{"@type":"ListItem","position":2,"name":"Lomo ib\u00e9rico confitado"}]},{"@type":"WebSite","@id":"https:\/\/migranitodesal.com\/#website","url":"https:\/\/migranitodesal.com\/","name":"Mi granito de sal.","description":"Aqu\u00ed est\u00e1 lo que a lo largo del tiempo he ido aprendiendo","publisher":{"@id":"https:\/\/migranitodesal.com\/#\/schema\/person\/2674140d5dd1b720f9b1e6d01e66dd12"},"potentialAction":[{"@type":"SearchAction","target":{"@type":"EntryPoint","urlTemplate":"https:\/\/migranitodesal.com\/?s={search_term_string}"},"query-input":"required name=search_term_string"}],"inLanguage":"es"},{"@type":["Person","Organization"],"@id":"https:\/\/migranitodesal.com\/#\/schema\/person\/2674140d5dd1b720f9b1e6d01e66dd12","name":"maripepa","image":{"@type":"ImageObject","inLanguage":"es","@id":"https:\/\/migranitodesal.com\/#\/schema\/person\/image\/","url":"https:\/\/secure.gravatar.com\/avatar\/2a325d07cd3c812fab8706d3b75aa541?s=96&d=mm&r=g","contentUrl":"https:\/\/secure.gravatar.com\/avatar\/2a325d07cd3c812fab8706d3b75aa541?s=96&d=mm&r=g","caption":"maripepa"},"logo":{"@id":"https:\/\/migranitodesal.com\/#\/schema\/person\/image\/"},"sameAs":["http:\/\/www.migranitodesal.com"],"url":"https:\/\/migranitodesal.com\/?author=1"}]}},"_links":{"self":[{"href":"https:\/\/migranitodesal.com\/index.php?rest_route=\/wp\/v2\/posts\/993"}],"collection":[{"href":"https:\/\/migranitodesal.com\/index.php?rest_route=\/wp\/v2\/posts"}],"about":[{"href":"https:\/\/migranitodesal.com\/index.php?rest_route=\/wp\/v2\/types\/post"}],"author":[{"embeddable":true,"href":"https:\/\/migranitodesal.com\/index.php?rest_route=\/wp\/v2\/users\/1"}],"replies":[{"embeddable":true,"href":"https:\/\/migranitodesal.com\/index.php?rest_route=%2Fwp%2Fv2%2Fcomments&post=993"}],"version-history":[{"count":8,"href":"https:\/\/migranitodesal.com\/index.php?rest_route=\/wp\/v2\/posts\/993\/revisions"}],"predecessor-version":[{"id":1785,"href":"https:\/\/migranitodesal.com\/index.php?rest_route=\/wp\/v2\/posts\/993\/revisions\/1785"}],"wp:featuredmedia":[{"embeddable":true,"href":"https:\/\/migranitodesal.com\/index.php?rest_route=\/wp\/v2\/media\/1690"}],"wp:attachment":[{"href":"https:\/\/migranitodesal.com\/index.php?rest_route=%2Fwp%2Fv2%2Fmedia&parent=993"}],"wp:term":[{"taxonomy":"category","embeddable":true,"href":"https:\/\/migranitodesal.com\/index.php?rest_route=%2Fwp%2Fv2%2Fcategories&post=993"},{"taxonomy":"post_tag","embeddable":true,"href":"https:\/\/migranitodesal.com\/index.php?rest_route=%2Fwp%2Fv2%2Ftags&post=993"}],"curies":[{"name":"wp","href":"https:\/\/api.w.org\/{rel}","templated":true}]}}